{"id":17306,"date":"2020-08-28T15:12:04","date_gmt":"2020-08-28T19:12:04","guid":{"rendered":"http:\/\/www.rincondelbulla.cl\/portal\/?p=17306"},"modified":"2020-08-28T15:18:33","modified_gmt":"2020-08-28T19:18:33","slug":"caputto-esperamos-que-todo-lo-que-planificamos-hacerlo-para-obtener-el-resultado","status":"publish","type":"post","link":"http:\/\/www.rincondelbulla.cl\/portal\/2020\/08\/28\/caputto-esperamos-que-todo-lo-que-planificamos-hacerlo-para-obtener-el-resultado\/","title":{"rendered":"Caputto: \u00abEsperamos que todo lo que planificamos  hacerlo para obtener el resultado\u00bb"},"content":{"rendered":"\n<p>A s\u00f3lo dos d\u00edas del reestreno en el campeonato nacional, Hern\u00e1n Caputto habl\u00f3 con la prensa para analizar lo que ser\u00e1 el duelo ante Palestino en San Carlos de Apoquindo.<\/p>\n<p>\u00abLlegamos con muy buen \u00e1nimo. A\u00fan nos queda un d\u00eda para preparar el partido, pero ya hemos hecho todo lo necesario en la parte t\u00e1ctica y de planificaci\u00f3n\u00bb, se\u00f1al\u00f3 de entrada el t\u00e9cnico.<\/p>\n<p>Sobre Palestino, el ex portero explico que\u00bbrespeto much\u00edsimo al rival, a Ivo por su trayectoria, y l\u00f3gicamente como todos, estudiamos al rival\u00bb.<\/p>\n<p>\u00abEsperaremos que todo lo que planificamos, y lo que creemos, plasmarlo en el partido y hacerlo para obtener un buen resultado\u00bb, a\u00f1adi\u00f3 sobre el vital duelo.<\/p>\n<h2>Otras declaraciones<\/h2>\n<p><strong>Sin el hincha:<\/strong> \u00abSomos un equipo con much\u00edsima convocatoria, en este caso no va a ser as\u00ed por un tema mayor, pero vamos a tener a nuestra gente en sus casas y eso va a ser importante\u00bb.<\/p>\n<p><strong>Seguidilla de partidos:<\/strong> \u00abTenemos que hacer una buena planificaci\u00f3n en nuestras sesiones de entrenamiento y en nuestras cargas. Nos ajustaremos a eso y trataremos de llegar de buena manera\u00bb.<\/p>\n<p><div class=\"youtube-embed\" data-video_id=\"BSM0TtOpOuc\"><iframe loading=\"lazy\" title=\"[EN VIVO] Hern\u00e1n Caputto habla con la prensa en el CDA\" width=\"696\" height=\"392\" src=\"https:\/\/www.youtube.com\/embed\/BSM0TtOpOuc?start=1179&#038;feature=oembed\" frameborder=\"0\" allow=\"accelerometer; autoplay; encrypted-media; gyroscope; picture-in-picture\" allowfullscreen><\/iframe><\/div><\/p>\n","protected":false},"excerpt":{"rendered":"<p>A s\u00f3lo dos d\u00edas del reestreno en el campeonato nacional, Hern\u00e1n Caputto habl\u00f3 con la prensa para analizar lo que ser\u00e1 el duelo ante Palestino en San Carlos de Apoquindo. \u00abLlegamos con muy buen \u00e1nimo. A\u00fan nos queda un d\u00eda para preparar el partido, pero ya hemos hecho todo lo necesario en la parte t\u00e1ctica [&#8230;]<\/p>\n","protected":false},"author":21398,"featured_media":17308,"comment_status":"closed","ping_status":"open","sticky":false,"template":"","format":"standard","meta":{"footnotes":""},"categories":[18],"tags":[1645,457,294],"class_list":{"0":"post-17306","1":"post","2":"type-post","3":"status-publish","4":"format-standard","5":"has-post-thumbnail","7":"category-actualidad","8":"tag-hernan-caputto-2","9":"tag-palestino","10":"tag-u-de-chile"},"_links":{"self":[{"href":"http:\/\/www.rincondelbulla.cl\/portal\/wp-json\/wp\/v2\/posts\/17306","targetHints":{"allow":["GET"]}}],"collection":[{"href":"http:\/\/www.rincondelbulla.cl\/portal\/wp-json\/wp\/v2\/posts"}],"about":[{"href":"http:\/\/www.rincondelbulla.cl\/portal\/wp-json\/wp\/v2\/types\/post"}],"author":[{"embeddable":true,"href":"http:\/\/www.rincondelbulla.cl\/portal\/wp-json\/wp\/v2\/users\/21398"}],"replies":[{"embeddable":true,"href":"http:\/\/www.rincondelbulla.cl\/portal\/wp-json\/wp\/v2\/comments?post=17306"}],"version-history":[{"count":1,"href":"http:\/\/www.rincondelbulla.cl\/portal\/wp-json\/wp\/v2\/posts\/17306\/revisions"}],"predecessor-version":[{"id":17309,"href":"http:\/\/www.rincondelbulla.cl\/portal\/wp-json\/wp\/v2\/posts\/17306\/revisions\/17309"}],"wp:featuredmedia":[{"embeddable":true,"href":"http:\/\/www.rincondelbulla.cl\/portal\/wp-json\/wp\/v2\/media\/17308"}],"wp:attachment":[{"href":"http:\/\/www.rincondelbulla.cl\/portal\/wp-json\/wp\/v2\/media?parent=17306"}],"wp:term":[{"taxonomy":"category","embeddable":true,"href":"http:\/\/www.rincondelbulla.cl\/portal\/wp-json\/wp\/v2\/categories?post=17306"},{"taxonomy":"post_tag","embeddable":true,"href":"http:\/\/www.rincondelbulla.cl\/portal\/wp-json\/wp\/v2\/tags?post=17306"}],"curies":[{"name":"wp","href":"https:\/\/api.w.org\/{rel}","templated":true}]}}