{"id":17310,"date":"2020-08-30T21:47:17","date_gmt":"2020-08-31T01:47:17","guid":{"rendered":"http:\/\/www.rincondelbulla.cl\/portal\/?p=17310"},"modified":"2020-08-30T21:47:19","modified_gmt":"2020-08-31T01:47:19","slug":"un-mago-nos-quito-la-magia-ante-palestino","status":"publish","type":"post","link":"http:\/\/www.rincondelbulla.cl\/portal\/2020\/08\/30\/un-mago-nos-quito-la-magia-ante-palestino\/","title":{"rendered":"Un mago nos quit\u00f3 la magia ante Palestino"},"content":{"rendered":"\n<p>Era el regreso a las canchas y vaya que se not\u00f3. Cost\u00f3 ver un equipo aceitado a lo largo del partido, mucho m\u00e1s a\u00fan e los primeros minutos.<\/p>\n<p>Las bandas tomaron protagonismo, y bajo ese mecanismo la \u00abU\u00bb se encontr\u00f3 con pelotas detenidas que fueron las fuente de peligro del arco tricolor.<\/p>\n<p>El primero lleg\u00f3 gracias a una pelota que recibi\u00f3 Guerra por la banda derecha, quien entreg\u00f3 para Larrivey, el que con un toque sutil dejo de frente a Montillo, dejando el 1-0 con el que se ir\u00eda al descanso la \u00abU\u00bb.<\/p>\n<p>Cercano a minuto 50 lleg\u00f3 el segundo azul y que hac\u00eda ilusionarse. Montillo con un pase magistral dej\u00f3 en posici\u00f3n ventajosa a Larrivey, quien defini\u00f3 al primer palo.<\/p>\n<p>Lamentablemente la cosa se vendr\u00eda abajo. A los 78, Leandro Benegas aprovech\u00f3 una desinteligencia en la defensa para poner el descuento. Pero cuando el partido se iba, fue Luis \u00abMago\u00bb Jim\u00e9nez, quien se invent\u00f3 una volea en la entrada del \u00e1rea azul y puso el 2-2 final.<\/p>\n<p>Los azules suman un punto y reciben la pr\u00f3xima fecha a Colo Colo en el Estadio Nacional.<\/p>\n<h2>Revisa nuestro post partido junto al Doctor Molina<\/h2>\n<p><div class=\"youtube-embed\" data-video_id=\"mRecFouC_Hg\"><iframe loading=\"lazy\" title=\"Post partido: \u00a1DEJAMOS ESCAPAR 3 PUNTOS!\" width=\"696\" height=\"392\" src=\"https:\/\/www.youtube.com\/embed\/mRecFouC_Hg?start=8&#038;feature=oembed\" frameborder=\"0\" allow=\"accelerometer; autoplay; encrypted-media; gyroscope; picture-in-picture\" allowfullscreen><\/iframe><\/div><\/p>\n","protected":false},"excerpt":{"rendered":"<p>Era el regreso a las canchas y vaya que se not\u00f3. Cost\u00f3 ver un equipo aceitado a lo largo del partido, mucho m\u00e1s a\u00fan e los primeros minutos. Las bandas tomaron protagonismo, y bajo ese mecanismo la \u00abU\u00bb se encontr\u00f3 con pelotas detenidas que fueron las fuente de peligro del arco tricolor. El primero lleg\u00f3 [&#8230;]<\/p>\n","protected":false},"author":21398,"featured_media":17312,"comment_status":"closed","ping_status":"open","sticky":false,"template":"","format":"standard","meta":{"footnotes":""},"categories":[18],"tags":[1648,274,457,294],"class_list":{"0":"post-17310","1":"post","2":"type-post","3":"status-publish","4":"format-standard","5":"has-post-thumbnail","7":"category-actualidad","8":"tag-larivey","9":"tag-montillo","10":"tag-palestino","11":"tag-u-de-chile"},"_links":{"self":[{"href":"http:\/\/www.rincondelbulla.cl\/portal\/wp-json\/wp\/v2\/posts\/17310","targetHints":{"allow":["GET"]}}],"collection":[{"href":"http:\/\/www.rincondelbulla.cl\/portal\/wp-json\/wp\/v2\/posts"}],"about":[{"href":"http:\/\/www.rincondelbulla.cl\/portal\/wp-json\/wp\/v2\/types\/post"}],"author":[{"embeddable":true,"href":"http:\/\/www.rincondelbulla.cl\/portal\/wp-json\/wp\/v2\/users\/21398"}],"replies":[{"embeddable":true,"href":"http:\/\/www.rincondelbulla.cl\/portal\/wp-json\/wp\/v2\/comments?post=17310"}],"version-history":[{"count":1,"href":"http:\/\/www.rincondelbulla.cl\/portal\/wp-json\/wp\/v2\/posts\/17310\/revisions"}],"predecessor-version":[{"id":17313,"href":"http:\/\/www.rincondelbulla.cl\/portal\/wp-json\/wp\/v2\/posts\/17310\/revisions\/17313"}],"wp:featuredmedia":[{"embeddable":true,"href":"http:\/\/www.rincondelbulla.cl\/portal\/wp-json\/wp\/v2\/media\/17312"}],"wp:attachment":[{"href":"http:\/\/www.rincondelbulla.cl\/portal\/wp-json\/wp\/v2\/media?parent=17310"}],"wp:term":[{"taxonomy":"category","embeddable":true,"href":"http:\/\/www.rincondelbulla.cl\/portal\/wp-json\/wp\/v2\/categories?post=17310"},{"taxonomy":"post_tag","embeddable":true,"href":"http:\/\/www.rincondelbulla.cl\/portal\/wp-json\/wp\/v2\/tags?post=17310"}],"curies":[{"name":"wp","href":"https:\/\/api.w.org\/{rel}","templated":true}]}}