{"id":17321,"date":"2020-09-02T19:55:56","date_gmt":"2020-09-02T23:55:56","guid":{"rendered":"http:\/\/www.rincondelbulla.cl\/portal\/?p=17321"},"modified":"2020-09-02T20:08:37","modified_gmt":"2020-09-03T00:08:37","slug":"lucas-aveldano-y-sus-ganas-de-haber-seguido-en-la-u-me-habria-bajado-el-sueldo","status":"publish","type":"post","link":"http:\/\/www.rincondelbulla.cl\/portal\/2020\/09\/02\/lucas-aveldano-y-sus-ganas-de-haber-seguido-en-la-u-me-habria-bajado-el-sueldo\/","title":{"rendered":"Lucas Avelda\u00f1o y sus ganas de haber seguido en la \u201cU\u201d: \u201cMe habr\u00eda bajado el sueldo\u201d"},"content":{"rendered":"\n<div class=\"_1i6a\">\n<div class=\"_4po3 _4poa\">\n<div class=\"_4po5\">\n<div class=\"_4po8\">\n<div class=\"_4po9\">\n<div>\n<div>\n<div class=\"_4tdt _ua1\">\n<div class=\"_ua2\">\n<div class=\"_4tdv\">\n<div class=\"_5wd4 _1nc7\">\n<div class=\"._1dlq _h8t\">\n<div class=\"_5wd9 direction_ltr clearfix\">\n<div class=\"_1e-x _n4o\">\n<div class=\"_3_bl\">\n<div class=\"_5w1r _3_om _5wdf\">\n<div class=\"_4gx_\">\n<div class=\"_1aa6\">\n<div class=\"\"><strong><span class=\"_5yl5\">El defensa argentino habl\u00f3 con Diario La Tercera y se refiri\u00f3 a su paso por los azules, el que calific\u00f3 de \u201ccorto\u201d y que no pudo disfrutar.<\/span><\/strong><\/div>\n<div>\u00a0<\/div>\n<div class=\"\"><span class=\"_5yl5\">Desde Iquique, donde ahora defiende la camiseta de los Dragones Celeste, el defensor Lucas Avelda\u00f1o repasa poco menos de un a\u00f1o que alcanz\u00f3 a estar en Universidad de Chile, a poco m\u00e1s de una semana de enfrentarse a su ex club. El trasandino asegura que su paso por el CDA \u201cfue corto. No lo pude disfrutar. Me habr\u00eda gustado la revancha. Era un plantel armado con gente joven. Y en un club que tiene la presi\u00f3n de ganar, cuando las cosas no van bien, cuesta m\u00e1s\u201d. <\/span><\/div>\n<div>\u00a0<\/div>\n<div class=\"\"><span class=\"_5yl5\">Agrega que la gran presencia de jugadores j\u00f3venes y sin mayor experiencia pudo influir en los magros resultados del 2019. \u201cEst\u00e1 clar\u00edsimo como contrat\u00f3 la U este a\u00f1o. Fueron por m\u00e1s edad. Y ah\u00ed est\u00e1n los resultados\u201d, asever\u00f3. <\/span><\/div>\n<div>\u00a0<\/div>\n<div class=\"\"><span class=\"_5yl5\">Sobre la constante pelea que tuvieron los azules con la zona baja de la tabla, Avelda\u00f1o explica que \u201clos entrenamientos eran incre\u00edbles, pero en los partidos nos llegaban dos veces y nos anotaban. Era desalentador prepararse y llegar al fin de semana y perder as\u00ed\u201d. <\/span><\/div>\n<div>\u00a0<\/div>\n<div class=\"\"><span class=\"_5yl5\">En su contrato con la \u201cU\u201d, el defensa argentino ten\u00eda una cl\u00e1usula de minutos que deb\u00eda cumplir para negociar una renovaci\u00f3n. Sin embargo, la suspensi\u00f3n de partidos y el estallido social, no le permitieron cumplir con ese m\u00ednimo. \u201cSi el club quer\u00eda contar conmigo se pod\u00eda acercar, incluso me habr\u00eda bajado el sueldo, si me lo hubiesen planteado\u201d. <\/span><\/div>\n<div>\u00a0<\/div>\n<div class=\"\"><span class=\"_5yl5\">Pese a sus deseos, explica que esta posibilidad jam\u00e1s se dio entre las partes, ya que \u201cnadie se acerc\u00f3 de la dirigencia. Estaba s\u00faper enojado. Despu\u00e9s, me llamaron para disculparse. Las cosas no hay que forzarlas, pasan por algo. No hay resentimiento\u201d. <\/span><\/div>\n<div>\u00a0<\/div>\n<div class=\"\"><span class=\"_5yl5\">Tras el supercl\u00e1sico, Deportes Iquique y Lucas Avelda\u00f1o aparecen en el horizonte de Universidad de Chile por el torneo nacional. Hasta ahora, el partido est\u00e1 programado para el jueves 10 de septiembre, desde las 16:00 hrs., en el recientemente reinaugurado Estadio Tierra de Campeones.<\/span><\/div>\n<\/div>\n<\/div>\n<\/div>\n<\/div>\n<span class=\"_40fu\" data-hover=\"none\"><span class=\"_1z_2 _2u_d\"><button class=\"_8sop _5zvq\" tabindex=\"-1\" data-tooltip-content=\"Reaccionar\" data-hover=\"tooltip\" data-tooltip-position=\"above\" data-tooltip-alignh=\"center\" aria-hidden=\"true\" aria-label=\"Reaccionar\"><i class=\"img sp_nYzx1BkJnol_1_5x sx_7561ba\"><\/i><\/button><span class=\"_8sow\"><button class=\"_8sop _2rvp\" tabindex=\"-1\" data-tooltip-content=\"M\u00e1s\" data-hover=\"tooltip\" data-tooltip-position=\"above\" data-tooltip-alignh=\"center\" aria-hidden=\"true\" aria-label=\"M\u00e1s\"><img loading=\"lazy\" decoding=\"async\" class=\"img\" src=\"https:\/\/static.xx.fbcdn.net\/rsrc.php\/v3\/yy\/r\/B07i7bIqQ8z.png\" alt=\"\" width=\"16\" height=\"16\" \/><\/button><\/span><\/span><\/span><\/div>\n<\/div>\n<\/div>\n<div class=\"_40qi\">\u00a0<\/div>\n<\/div>\n<\/div>\n<\/div>\n<\/div>\n<\/div>\n<\/div>\n<div class=\"_4gd0\">\n<div>\u00a0<\/div>\n<\/div>\n<div class=\"_4gd0\">\n<div class=\"_510g\">\u00a0<\/div>\n<\/div>\n<div class=\"accessible_elem _2kwv\">Fin de la conversaci\u00f3n<\/div>\n<\/div>\n<\/div>\n<\/div>\n<\/div>\n<\/div>\n<p><!--more--><\/p>\n<p><!--more--><\/p>\n<div class=\"_2hc2\">\n<div>\u00a0<\/div>\n<\/div>\n<div class=\"fbNubFlyoutFooter\">\n<div class=\"_1d4_\" role=\"presentation\">\n<div class=\"_552h\">\n<div class=\"\">\n<div tabindex=\"-1\">\n<div class=\"_5rp7 _5rp8\">\n<div class=\"_1p1t\">\u00a0<\/div>\n<\/div>\n<\/div>\n<\/div>\n<\/div>\n<\/div>\n<\/div>\n","protected":false},"excerpt":{"rendered":"<p>El defensa argentino habl\u00f3 con Diario La Tercera y se refiri\u00f3 a su paso por los azules, el que calific\u00f3 de \u201ccorto\u201d y que no pudo disfrutar. \u00a0 Desde Iquique, donde ahora defiende la camiseta de los Dragones Celeste, el defensor Lucas Avelda\u00f1o repasa poco menos de un a\u00f1o que alcanz\u00f3 a estar en Universidad [&#8230;]<\/p>\n","protected":false},"author":21382,"featured_media":16156,"comment_status":"closed","ping_status":"open","sticky":false,"template":"","format":"standard","meta":{"footnotes":""},"categories":[18],"tags":[1522,294],"class_list":{"0":"post-17321","1":"post","2":"type-post","3":"status-publish","4":"format-standard","5":"has-post-thumbnail","7":"category-actualidad","8":"tag-lucas-aveldano","9":"tag-u-de-chile"},"_links":{"self":[{"href":"http:\/\/www.rincondelbulla.cl\/portal\/wp-json\/wp\/v2\/posts\/17321","targetHints":{"allow":["GET"]}}],"collection":[{"href":"http:\/\/www.rincondelbulla.cl\/portal\/wp-json\/wp\/v2\/posts"}],"about":[{"href":"http:\/\/www.rincondelbulla.cl\/portal\/wp-json\/wp\/v2\/types\/post"}],"author":[{"embeddable":true,"href":"http:\/\/www.rincondelbulla.cl\/portal\/wp-json\/wp\/v2\/users\/21382"}],"replies":[{"embeddable":true,"href":"http:\/\/www.rincondelbulla.cl\/portal\/wp-json\/wp\/v2\/comments?post=17321"}],"version-history":[{"count":1,"href":"http:\/\/www.rincondelbulla.cl\/portal\/wp-json\/wp\/v2\/posts\/17321\/revisions"}],"predecessor-version":[{"id":17322,"href":"http:\/\/www.rincondelbulla.cl\/portal\/wp-json\/wp\/v2\/posts\/17321\/revisions\/17322"}],"wp:featuredmedia":[{"embeddable":true,"href":"http:\/\/www.rincondelbulla.cl\/portal\/wp-json\/wp\/v2\/media\/16156"}],"wp:attachment":[{"href":"http:\/\/www.rincondelbulla.cl\/portal\/wp-json\/wp\/v2\/media?parent=17321"}],"wp:term":[{"taxonomy":"category","embeddable":true,"href":"http:\/\/www.rincondelbulla.cl\/portal\/wp-json\/wp\/v2\/categories?post=17321"},{"taxonomy":"post_tag","embeddable":true,"href":"http:\/\/www.rincondelbulla.cl\/portal\/wp-json\/wp\/v2\/tags?post=17321"}],"curies":[{"name":"wp","href":"https:\/\/api.w.org\/{rel}","templated":true}]}}