{"id":17335,"date":"2020-09-07T17:14:28","date_gmt":"2020-09-07T20:14:28","guid":{"rendered":"http:\/\/www.rincondelbulla.cl\/portal\/?p=17335"},"modified":"2020-09-08T16:02:19","modified_gmt":"2020-09-08T19:02:19","slug":"luis-rojas-partira-al-futbol-italiano","status":"publish","type":"post","link":"http:\/\/www.rincondelbulla.cl\/portal\/2020\/09\/07\/luis-rojas-partira-al-futbol-italiano\/","title":{"rendered":"Luis Rojas partir\u00e1 al f\u00fatbol italiano"},"content":{"rendered":"\n<div class=\"\" data-block=\"true\" data-editor=\"b9rpe\" data-offset-key=\"3bc0l-0-0\">\n<div class=\"_1mf _1mj\" data-offset-key=\"3bc0l-0-0\"><span data-offset-key=\"3bc0l-0-0\">Esta tarde la \u00abU\u00bb inform\u00f3 que existe un principio de acuerdo para el traspaso de Luis Rojas al f\u00fatbol italiano.<\/span><\/div>\n<\/div>\n<div class=\"\" data-block=\"true\" data-editor=\"b9rpe\" data-offset-key=\"41oui-0-0\">\n<div class=\"_1mf _1mj\" data-offset-key=\"41oui-0-0\"><span data-offset-key=\"41oui-0-0\">\u00a0<\/span><\/div>\n<\/div>\n<div class=\"\" data-block=\"true\" data-editor=\"b9rpe\" data-offset-key=\"88k72-0-0\">\n<div class=\"_1mf _1mj\" data-offset-key=\"88k72-0-0\"><span data-offset-key=\"88k72-0-0\">Seg\u00fan informa el sitio oficial de la Universidad de Chile, se recibi\u00f3 una oferta de un club de la Serie A de Italia,cumpliendo con las condiciones establecidas en la opci\u00f3n de compra del volante de 18 a\u00f1os.<\/span><\/div>\n<\/div>\n<div data-offset-key=\"88k72-0-0\">\u00a0<\/div>\n<div data-offset-key=\"88k72-0-0\">En concreto. el club es el Crotone y hizo un pago de poco m\u00e1s 3 millones de d\u00f3lares por la cl\u00e1usula de salida, seg\u00fan informa Cooperativa.<\/div>\n<div data-offset-key=\"88k72-0-0\">\u00a0<\/div>\n<div data-offset-key=\"88k72-0-0\">Eso si, Azul Azul no recibir\u00e1 la totalidad del dinero, ya que cerca de 30% del pase pertenece al propio jugador.<\/div>\n<div class=\"\" data-block=\"true\" data-editor=\"b9rpe\" data-offset-key=\"88k72-0-0\">\n<div data-offset-key=\"88k72-0-0\">\u00a0<\/div>\n<div class=\"_1mf _1mj\" data-offset-key=\"88k72-0-0\">Su traspaso s\u00f3lo est\u00e1 sujeto a los ex\u00e1menes m\u00e9dicos que debe realizarse.<\/div>\n<\/div>\n","protected":false},"excerpt":{"rendered":"<p>Esta tarde la \u00abU\u00bb inform\u00f3 que existe un principio de acuerdo para el traspaso de Luis Rojas al f\u00fatbol italiano. \u00a0 Seg\u00fan informa el sitio oficial de la Universidad de Chile, se recibi\u00f3 una oferta de un club de la Serie A de Italia,cumpliendo con las condiciones establecidas en la opci\u00f3n de compra del volante [&#8230;]<\/p>\n","protected":false},"author":21398,"featured_media":17339,"comment_status":"closed","ping_status":"open","sticky":false,"template":"","format":"standard","meta":{"footnotes":""},"categories":[18],"tags":[1651,1650,294],"class_list":{"0":"post-17335","1":"post","2":"type-post","3":"status-publish","4":"format-standard","5":"has-post-thumbnail","7":"category-actualidad","8":"tag-italia","9":"tag-luis-rojas","10":"tag-u-de-chile"},"_links":{"self":[{"href":"http:\/\/www.rincondelbulla.cl\/portal\/wp-json\/wp\/v2\/posts\/17335","targetHints":{"allow":["GET"]}}],"collection":[{"href":"http:\/\/www.rincondelbulla.cl\/portal\/wp-json\/wp\/v2\/posts"}],"about":[{"href":"http:\/\/www.rincondelbulla.cl\/portal\/wp-json\/wp\/v2\/types\/post"}],"author":[{"embeddable":true,"href":"http:\/\/www.rincondelbulla.cl\/portal\/wp-json\/wp\/v2\/users\/21398"}],"replies":[{"embeddable":true,"href":"http:\/\/www.rincondelbulla.cl\/portal\/wp-json\/wp\/v2\/comments?post=17335"}],"version-history":[{"count":2,"href":"http:\/\/www.rincondelbulla.cl\/portal\/wp-json\/wp\/v2\/posts\/17335\/revisions"}],"predecessor-version":[{"id":17338,"href":"http:\/\/www.rincondelbulla.cl\/portal\/wp-json\/wp\/v2\/posts\/17335\/revisions\/17338"}],"wp:featuredmedia":[{"embeddable":true,"href":"http:\/\/www.rincondelbulla.cl\/portal\/wp-json\/wp\/v2\/media\/17339"}],"wp:attachment":[{"href":"http:\/\/www.rincondelbulla.cl\/portal\/wp-json\/wp\/v2\/media?parent=17335"}],"wp:term":[{"taxonomy":"category","embeddable":true,"href":"http:\/\/www.rincondelbulla.cl\/portal\/wp-json\/wp\/v2\/categories?post=17335"},{"taxonomy":"post_tag","embeddable":true,"href":"http:\/\/www.rincondelbulla.cl\/portal\/wp-json\/wp\/v2\/tags?post=17335"}],"curies":[{"name":"wp","href":"https:\/\/api.w.org\/{rel}","templated":true}]}}