{"id":17414,"date":"2020-09-24T09:48:50","date_gmt":"2020-09-24T12:48:50","guid":{"rendered":"http:\/\/www.rincondelbulla.cl\/portal\/?p=17414"},"modified":"2020-09-24T09:48:52","modified_gmt":"2020-09-24T12:48:52","slug":"pablo-aranguiz-se-que-se-espera-mucho-mas-de-mi","status":"publish","type":"post","link":"http:\/\/www.rincondelbulla.cl\/portal\/2020\/09\/24\/pablo-aranguiz-se-que-se-espera-mucho-mas-de-mi\/","title":{"rendered":"Pablo Ar\u00e1nguiz: \u00abS\u00e9 que se espera mucho m\u00e1s de mi\u00bb"},"content":{"rendered":"\n<p>Pablo Ar\u00e1nguiz encendi\u00f3 la ilusi\u00f3n del hincha azul este 2020. Su buen juego en compa\u00f1\u00eda de Montillo y Larrivey hac\u00edan ver una \u00abU\u00bb distinta en el frente de ataque.<\/p>\n<p>Pero tras la vuelta del torneo, se ha visto a un Ar\u00e1nguiz un poco m\u00e1s apagado, aunque volviendo a retomar de a poco el nivel que ven\u00eda mostrando.<\/p>\n<p>\u00abHay que ser bastante autocritico, no hab\u00eda iniciado de buena manera previo a lo que hab\u00eda hecho antes de la pandemia. El profe me da la libertad a moverme por el frente de ataque, pero yo me limito un poco. Con el pasar de los partidos me he ido soltando un poco m\u00e1s. Me estoy entrenando duro para a ser el que mismo termin\u00f3 antes de la pandemia\u00bb, se\u00f1al\u00f3 esta ma\u00f1ana en conferencia de prensa.<\/p>\n<p>En ese sentido, record\u00f3 lo ocurrido tras el Supercl\u00e1sico. \u00abSe vio una imagen en la que Hern\u00e1n me estaba hablando y yo estaba bastante frustrado. Sab\u00eda que no hab\u00eda hecho un buen partido. Soy bastante autocritico, s\u00e9 que se espera mucho mas de mi y s\u00e9 que puedo dar el nivel que estaba teniendo antes de la pandemia. Al correr de los partidos me he ido sintiendo un poco mejo y espero volver a ese nivel\u00bb, record\u00f3.<\/p>\n<p>Al ser consultado sobre los motivos de este baj\u00f3n futbol\u00edstico, el volate explic\u00f3 que \u00abno sabr\u00eda decir el motivo por el que baj\u00f3 mi rendimiento, siempre me entreno de buena manera y trato de ser lo m\u00e1s profesional siempre. Yo no vine ac\u00e1 como un salvador, porque no lo soy. En la cancha somos 11 y todos tenemos que remar para el mismo lado\u00bb.<\/p>\n<p>En materias futbol\u00edsticas, Pablo vivir\u00e1 este domingo un partido especial al enfrentar a su ex club. \u00abEs un poco de nostalgia volver a Santa Laura vistiendo otra camiseta. Es un partido de suma importancia por como va la tabla. Todos los partidos los estamos viendo como una final y sabemos todas las virtudes que tienen\u00bb, coment\u00f3.<\/p>\n<p>Sobre si con el ascenso futbol\u00edstico y la suma de puntos abre el apetito sobre campeonar, Ar\u00e1nguiz no duda. \u00abObvio que si, dependemos de nosotros, primero nos toca Uni\u00f3n y luego la Cat\u00f3lica, son dos rivales directos para nosotros. Obviamente un equipo grande como la U siempre esta con esa ilusi\u00f3n y la obligaci\u00f3n de estar peleando en la parte de arriba. Vamos por un buen camino\u00bb, dijo.<\/p>\n<p>Para finalizar, coment\u00f3 que el tema de la compra de su pase por parte del club, quien tiene fecha exclusiva hasta fines de septiembre es algo que se ve en privado. \u00abEs un tema que se est\u00e1 negociando entre la dirigencia, yo y mi representante. Pronto habr\u00e1n m\u00e1s detalles, cerr\u00f3.<\/p>\n<p><div class=\"youtube-embed\" data-video_id=\"A2_XOpgRtEQ\"><iframe loading=\"lazy\" title=\"[EN VIVO] Pablo Ar\u00e1nguiz habla con la prensa en el CDA\" width=\"696\" height=\"392\" src=\"https:\/\/www.youtube.com\/embed\/A2_XOpgRtEQ?feature=oembed&#038;enablejsapi=1\" frameborder=\"0\" allow=\"accelerometer; autoplay; clipboard-write; encrypted-media; gyroscope; picture-in-picture\" allowfullscreen><\/iframe><\/div><\/p>\n","protected":false},"excerpt":{"rendered":"<p>Pablo Ar\u00e1nguiz encendi\u00f3 la ilusi\u00f3n del hincha azul este 2020. Su buen juego en compa\u00f1\u00eda de Montillo y Larrivey hac\u00edan ver una \u00abU\u00bb distinta en el frente de ataque. Pero tras la vuelta del torneo, se ha visto a un Ar\u00e1nguiz un poco m\u00e1s apagado, aunque volviendo a retomar de a poco el nivel que [&#8230;]<\/p>\n","protected":false},"author":21398,"featured_media":17415,"comment_status":"closed","ping_status":"open","sticky":false,"template":"","format":"standard","meta":{"footnotes":""},"categories":[18],"tags":[102,1510,294,470],"class_list":{"0":"post-17414","1":"post","2":"type-post","3":"status-publish","4":"format-standard","5":"has-post-thumbnail","7":"category-actualidad","8":"tag-los-de-abajo","9":"tag-pablo-aranguiz","11":"tag-union-espanola"},"_links":{"self":[{"href":"http:\/\/www.rincondelbulla.cl\/portal\/wp-json\/wp\/v2\/posts\/17414","targetHints":{"allow":["GET"]}}],"collection":[{"href":"http:\/\/www.rincondelbulla.cl\/portal\/wp-json\/wp\/v2\/posts"}],"about":[{"href":"http:\/\/www.rincondelbulla.cl\/portal\/wp-json\/wp\/v2\/types\/post"}],"author":[{"embeddable":true,"href":"http:\/\/www.rincondelbulla.cl\/portal\/wp-json\/wp\/v2\/users\/21398"}],"replies":[{"embeddable":true,"href":"http:\/\/www.rincondelbulla.cl\/portal\/wp-json\/wp\/v2\/comments?post=17414"}],"version-history":[{"count":1,"href":"http:\/\/www.rincondelbulla.cl\/portal\/wp-json\/wp\/v2\/posts\/17414\/revisions"}],"predecessor-version":[{"id":17416,"href":"http:\/\/www.rincondelbulla.cl\/portal\/wp-json\/wp\/v2\/posts\/17414\/revisions\/17416"}],"wp:featuredmedia":[{"embeddable":true,"href":"http:\/\/www.rincondelbulla.cl\/portal\/wp-json\/wp\/v2\/media\/17415"}],"wp:attachment":[{"href":"http:\/\/www.rincondelbulla.cl\/portal\/wp-json\/wp\/v2\/media?parent=17414"}],"wp:term":[{"taxonomy":"category","embeddable":true,"href":"http:\/\/www.rincondelbulla.cl\/portal\/wp-json\/wp\/v2\/categories?post=17414"},{"taxonomy":"post_tag","embeddable":true,"href":"http:\/\/www.rincondelbulla.cl\/portal\/wp-json\/wp\/v2\/tags?post=17414"}],"curies":[{"name":"wp","href":"https:\/\/api.w.org\/{rel}","templated":true}]}}