{"id":17444,"date":"2020-10-06T12:49:42","date_gmt":"2020-10-06T15:49:42","guid":{"rendered":"http:\/\/www.rincondelbulla.cl\/portal\/?p=17444"},"modified":"2020-10-06T12:51:37","modified_gmt":"2020-10-06T15:51:37","slug":"jean-beausejur-no-me-imagino-a-un-hincha-contento-con-lo-que-paso","status":"publish","type":"post","link":"http:\/\/www.rincondelbulla.cl\/portal\/2020\/10\/06\/jean-beausejur-no-me-imagino-a-un-hincha-contento-con-lo-que-paso\/","title":{"rendered":"Jean Beausejur: \u00abNo me imagino a un hincha contento con lo que pas\u00f3\u00bb"},"content":{"rendered":"\n<p>Esta tarde, Jean Beausejour habl\u00f3 tras la derrota ante Cat\u00f3lica, la que dej\u00f3 muy mal parada a la \u00abU\u00bb tanto futbol\u00edstica, como an\u00edmicamente.<\/p>\n<p>\u00ab<strong>No me imagino a un hincha contento con lo que pas\u00f3 el fin de semana.<\/strong> En este caso soy un receptor de estas criticas porque soy de los mas grandes y con experiencia. Las cr\u00edticas las acepto con humildad y me moldean el car\u00e1cter\u00bb, dijo de entrada el lateral izquierdo.<\/p>\n<p>Al momento de hacer un an\u00e1lisis, Jean se\u00f1al\u00f3 que \u00abfue un partido malo, una derrota inapelable. Marcaron la diferencia de equipo que hay hace un par de a\u00f1os. A nivel personal hay aspectos en los que si estoy confirme y otros que no, y tengo que mejorar en los que tenga la posibilidad de jugar\u00bb.<\/p>\n<p>Sobre la diferencia que queda entre azules y cruzados, \u00abBose\u00bb dice sentir que \u00ab<strong>despu\u00e9s del partido del domingo, quedamos m\u00e1s lejos en lo futbol\u00edstico que en lo que se refiere a puntos.<\/strong> El mayor an\u00e1lisis que hicimos es que nos vimos demasiado superados. Lo que necesitamos es volver a atrincherarnos para preparar un nuevo ataque en lo que queda de torneo\u00bb.<\/p>\n<p>Para cerrar, asegur\u00f3 que a ra\u00edz de las cr\u00edticas \u00ab<strong>no me planteo dejar el f\u00fatbol a fin de a\u00f1o.<\/strong> Las cr\u00edticas al final del d\u00eda siempre afectan un poco, pero qu\u00e9 ejemplo le dar\u00eda a mis hijos que ante las cr\u00edticas yo tiro la toalla. Yo nunca le voy dar esa imagen a mi hijo\u00bb.<\/p>\n<p><div class=\"youtube-embed\" data-video_id=\"QEKJRk_05Tw\"><iframe loading=\"lazy\" title=\"[EN VIVO] Jean Beausejour habla con la prensa en el CDA\" width=\"696\" height=\"392\" src=\"https:\/\/www.youtube.com\/embed\/QEKJRk_05Tw?feature=oembed&#038;enablejsapi=1\" frameborder=\"0\" allow=\"accelerometer; autoplay; clipboard-write; encrypted-media; gyroscope; picture-in-picture\" allowfullscreen><\/iframe><\/div><\/p>\n<p>\u00a0<\/p>\n<p>\u00a0<\/p>\n<p>\u00a0<\/p>\n<p>\u00a0<\/p>\n<p>\u00a0<\/p>\n<p>\u00a0<\/p>\n","protected":false},"excerpt":{"rendered":"<p>Esta tarde, Jean Beausejour habl\u00f3 tras la derrota ante Cat\u00f3lica, la que dej\u00f3 muy mal parada a la \u00abU\u00bb tanto futbol\u00edstica, como an\u00edmicamente. \u00abNo me imagino a un hincha contento con lo que pas\u00f3 el fin de semana. En este caso soy un receptor de estas criticas porque soy de los mas grandes y con [&#8230;]<\/p>\n","protected":false},"author":21398,"featured_media":17446,"comment_status":"closed","ping_status":"open","sticky":false,"template":"","format":"standard","meta":{"footnotes":""},"categories":[18],"tags":[821,294],"class_list":{"0":"post-17444","1":"post","2":"type-post","3":"status-publish","4":"format-standard","5":"has-post-thumbnail","7":"category-actualidad","8":"tag-jean-beausejour","9":"tag-u-de-chile"},"_links":{"self":[{"href":"http:\/\/www.rincondelbulla.cl\/portal\/wp-json\/wp\/v2\/posts\/17444","targetHints":{"allow":["GET"]}}],"collection":[{"href":"http:\/\/www.rincondelbulla.cl\/portal\/wp-json\/wp\/v2\/posts"}],"about":[{"href":"http:\/\/www.rincondelbulla.cl\/portal\/wp-json\/wp\/v2\/types\/post"}],"author":[{"embeddable":true,"href":"http:\/\/www.rincondelbulla.cl\/portal\/wp-json\/wp\/v2\/users\/21398"}],"replies":[{"embeddable":true,"href":"http:\/\/www.rincondelbulla.cl\/portal\/wp-json\/wp\/v2\/comments?post=17444"}],"version-history":[{"count":2,"href":"http:\/\/www.rincondelbulla.cl\/portal\/wp-json\/wp\/v2\/posts\/17444\/revisions"}],"predecessor-version":[{"id":17448,"href":"http:\/\/www.rincondelbulla.cl\/portal\/wp-json\/wp\/v2\/posts\/17444\/revisions\/17448"}],"wp:featuredmedia":[{"embeddable":true,"href":"http:\/\/www.rincondelbulla.cl\/portal\/wp-json\/wp\/v2\/media\/17446"}],"wp:attachment":[{"href":"http:\/\/www.rincondelbulla.cl\/portal\/wp-json\/wp\/v2\/media?parent=17444"}],"wp:term":[{"taxonomy":"category","embeddable":true,"href":"http:\/\/www.rincondelbulla.cl\/portal\/wp-json\/wp\/v2\/categories?post=17444"},{"taxonomy":"post_tag","embeddable":true,"href":"http:\/\/www.rincondelbulla.cl\/portal\/wp-json\/wp\/v2\/tags?post=17444"}],"curies":[{"name":"wp","href":"https:\/\/api.w.org\/{rel}","templated":true}]}}