{"id":17489,"date":"2020-11-09T17:49:50","date_gmt":"2020-11-09T20:49:50","guid":{"rendered":"http:\/\/www.rincondelbulla.cl\/portal\/?p=17489"},"modified":"2020-11-09T17:50:37","modified_gmt":"2020-11-09T20:50:37","slug":"la-u-se-asocia-con-consultora-internacional-para-potenciar-el-futbol-formativo","status":"publish","type":"post","link":"http:\/\/www.rincondelbulla.cl\/portal\/2020\/11\/09\/la-u-se-asocia-con-consultora-internacional-para-potenciar-el-futbol-formativo\/","title":{"rendered":"La \u00abU\u00bb se asocia con consultora internacional para potenciar el f\u00fatbol formativo"},"content":{"rendered":"\n<p>La Universidad de Chile ha llegado a un acuerdo con la consultora internacional MBP School Of Coaches, la que llegar\u00e1 al CDA para ser parte del proyecto deportivo y formativo.<\/p>\n<p>Seg\u00fan indica el sitio de la Universidad de Chile, \u00abesta <strong>consultora catalana<\/strong>\u00a0es l\u00edder en implementaci\u00f3n de metodolog\u00edas deportivas y\u00a0<strong>se especializa en la construcci\u00f3n de procesos formativos<\/strong>, contando con experiencia en Federaciones Internacionales de F\u00fatbol (M\u00e9xico y Per\u00fa) y tambi\u00e9n en clubes de Brasil, Colombia, M\u00e9xico, EEUU y Costa Rica\u00bb.<\/p>\n<p>Se espera que MBP ayude a definir un propio modelo de uego y perfil de jugadores, con capaci\u00f3n constante al staff t\u00e9cnico para un trabajo integral con la instituci\u00f3n.<\/p>\n<p>\u00abNos ayudar\u00e1 a seguir desarrollando y fortaleciendo la formaci\u00f3n de nuestros jugadores. Tambi\u00e9n tendremos la opci\u00f3n de capacitar de la mejor manera a todos nuestros t\u00e9cnicos, y eso ir\u00e1 en directo beneficio de los jugadores y el Club\u00bb, dijo Rodrigo Goldberg, Director Deportivo del Club.<\/p>\n<p>En tanto, Eduard Fortet, Director de Identidad, Planificaci\u00f3n, Programaci\u00f3n y Metodolog\u00eda (IPPM) dijo que \u00abel proyecto tiene la finalidad de aumentar y consagrar el n\u00famero de jugadores \u2018de casa\u2019 en el plantel profesional, a trav\u00e9s de estructurar la planificaci\u00f3n y metodolog\u00eda de entrenamiento desde la Sub 8 hasta la Sub 20\u00bb.\u00a0<\/p>\n<blockquote class=\"instagram-media\" style=\"background: #FFF; border: 0; border-radius: 3px; box-shadow: 0 0 1px 0 rgba(0,0,0,0.5),0 1px 10px 0 rgba(0,0,0,0.15); margin: 1px; max-width: 540px; min-width: 326px; padding: 0; width: calc(100% - 2px);\" data-instgrm-captioned=\"\" data-instgrm-permalink=\"https:\/\/www.instagram.com\/p\/CHYUR51AcZB\/?utm_source=ig_embed&amp;utm_campaign=loading\" data-instgrm-version=\"13\">\n<div style=\"padding: 16px;\">\n<div style=\"display: flex; flex-direction: row; align-items: center;\">\n<div style=\"background-color: #f4f4f4; border-radius: 50%; flex-grow: 0; height: 40px; margin-right: 14px; width: 40px;\">\u00a0<\/div>\n<div style=\"display: flex; flex-direction: column; flex-grow: 1; justify-content: center;\">\n<div style=\"background-color: #f4f4f4; border-radius: 4px; flex-grow: 0; height: 14px; margin-bottom: 6px; width: 100px;\">\u00a0<\/div>\n<div style=\"background-color: #f4f4f4; border-radius: 4px; flex-grow: 0; height: 14px; width: 60px;\">\u00a0<\/div>\n<\/div>\n<\/div>\n<div style=\"padding: 19% 0;\">\u00a0<\/div>\n<div style=\"display: block; height: 50px; margin: 0 auto 12px; width: 50px;\">\u00a0<\/div>\n<div style=\"padding-top: 8px;\">\n<div style=\"color: #3897f0; font-family: Arial,sans-serif; font-size: 14px; font-style: normal; font-weight: 550; line-height: 18px;\">Ver esta publicaci\u00f3n en Instagram<\/div>\n<\/div>\n<div style=\"padding: 12.5% 0;\">\u00a0<\/div>\n<div style=\"display: flex; flex-direction: row; margin-bottom: 14px; align-items: center;\">\n<div>\n<div style=\"background-color: #f4f4f4; border-radius: 50%; height: 12.5px; width: 12.5px; transform: translateX(0px) translateY(7px);\">\u00a0<\/div>\n<div style=\"background-color: #f4f4f4; height: 12.5px; transform: rotate(-45deg) translateX(3px) translateY(1px); width: 12.5px; flex-grow: 0; margin-right: 14px; margin-left: 2px;\">\u00a0<\/div>\n<div style=\"background-color: #f4f4f4; border-radius: 50%; height: 12.5px; width: 12.5px; transform: translateX(9px) translateY(-18px);\">\u00a0<\/div>\n<\/div>\n<div style=\"margin-left: 8px;\">\n<div style=\"background-color: #f4f4f4; border-radius: 50%; flex-grow: 0; height: 20px; width: 20px;\">\u00a0<\/div>\n<div style=\"width: 0; height: 0; border-top: 2px solid transparent; border-left: 6px solid #f4f4f4; border-bottom: 2px solid transparent; transform: translateX(16px) translateY(-4px) rotate(30deg);\">\u00a0<\/div>\n<\/div>\n<div style=\"margin-left: auto;\">\n<div style=\"width: 0px; border-top: 8px solid #F4F4F4; border-right: 8px solid transparent; transform: translateY(16px);\">\u00a0<\/div>\n<div style=\"background-color: #f4f4f4; flex-grow: 0; height: 12px; width: 16px; transform: translateY(-4px);\">\u00a0<\/div>\n<div style=\"width: 0; height: 0; border-top: 8px solid #F4F4F4; border-left: 8px solid transparent; transform: translateY(-4px) translateX(8px);\">\u00a0<\/div>\n<\/div>\n<\/div>\n<p style=\"margin: 8px 0 0 0; padding: 0 4px;\"><a style=\"color: #000; font-family: Arial,sans-serif; font-size: 14px; font-style: normal; font-weight: normal; line-height: 17px; text-decoration: none; word-wrap: break-word;\" href=\"https:\/\/www.instagram.com\/p\/CHYUR51AcZB\/?utm_source=ig_embed&amp;utm_campaign=loading\" target=\"_blank\" rel=\"noopener noreferrer\">Nos enorgullece poder anunciar el acuerdo con @udechileoficial para implementar nuestro sistema IPPM\u00ae&#xfe0f; en el fu\u0301tbol formativo. El objetivo es formar la mayor cantidad de jugadores en funcio\u0301n de la identidad del Club. . \u201cEl proyecto tiene la finalidad de aumentar y consagrar el n\u00famero de jugadores \u2018de casa\u2019 en el plantel profesional, a trav\u00e9s de estructurar la planificaci\u00f3n y metodolog\u00eda de entrenamiento desde la Sub 8 hasta la Sub 20&#8243;. &#8211; Eduard Fortet, Director de IPPM\u00ae&#xfe0f;. . #VamosLaU #IAMMBP<\/a><\/p>\n<p style=\"color: #c9c8cd; font-family: Arial,sans-serif; font-size: 14px; line-height: 17px; margin-bottom: 0; margin-top: 8px; overflow: hidden; padding: 8px 0 7px; text-align: center; text-overflow: ellipsis; white-space: nowrap;\">Una publicaci\u00f3n compartida por <a style=\"color: #c9c8cd; font-family: Arial,sans-serif; font-size: 14px; font-style: normal; font-weight: normal; line-height: 17px;\" href=\"https:\/\/www.instagram.com\/mbpschool\/?utm_source=ig_embed&amp;utm_campaign=loading\" target=\"_blank\" rel=\"noopener noreferrer\"> MBP School of Coaches &#x26bd;&#xfe0f;<\/a> (@mbpschool) el <time style=\"font-family: Arial,sans-serif; font-size: 14px; line-height: 17px;\" datetime=\"2020-11-09T18:24:12+00:00\">9 de Nov de 2020 a las 10:24 PST<\/time><\/p>\n<\/div>\n<\/blockquote>\n<p><script async src=\"\/\/www.instagram.com\/embed.js\"><\/script><\/p>\n","protected":false},"excerpt":{"rendered":"<p>La Universidad de Chile ha llegado a un acuerdo con la consultora internacional MBP School Of Coaches, la que llegar\u00e1 al CDA para ser parte del proyecto deportivo y formativo. Seg\u00fan indica el sitio de la Universidad de Chile, \u00abesta consultora catalana\u00a0es l\u00edder en implementaci\u00f3n de metodolog\u00edas deportivas y\u00a0se especializa en la construcci\u00f3n de procesos [&#8230;]<\/p>\n","protected":false},"author":21398,"featured_media":17490,"comment_status":"closed","ping_status":"open","sticky":false,"template":"","format":"standard","meta":{"footnotes":""},"categories":[18],"tags":[1668,294],"class_list":{"0":"post-17489","1":"post","2":"type-post","3":"status-publish","4":"format-standard","5":"has-post-thumbnail","7":"category-actualidad","8":"tag-mbp-school-of-coaches","9":"tag-u-de-chile"},"_links":{"self":[{"href":"http:\/\/www.rincondelbulla.cl\/portal\/wp-json\/wp\/v2\/posts\/17489","targetHints":{"allow":["GET"]}}],"collection":[{"href":"http:\/\/www.rincondelbulla.cl\/portal\/wp-json\/wp\/v2\/posts"}],"about":[{"href":"http:\/\/www.rincondelbulla.cl\/portal\/wp-json\/wp\/v2\/types\/post"}],"author":[{"embeddable":true,"href":"http:\/\/www.rincondelbulla.cl\/portal\/wp-json\/wp\/v2\/users\/21398"}],"replies":[{"embeddable":true,"href":"http:\/\/www.rincondelbulla.cl\/portal\/wp-json\/wp\/v2\/comments?post=17489"}],"version-history":[{"count":2,"href":"http:\/\/www.rincondelbulla.cl\/portal\/wp-json\/wp\/v2\/posts\/17489\/revisions"}],"predecessor-version":[{"id":17492,"href":"http:\/\/www.rincondelbulla.cl\/portal\/wp-json\/wp\/v2\/posts\/17489\/revisions\/17492"}],"wp:featuredmedia":[{"embeddable":true,"href":"http:\/\/www.rincondelbulla.cl\/portal\/wp-json\/wp\/v2\/media\/17490"}],"wp:attachment":[{"href":"http:\/\/www.rincondelbulla.cl\/portal\/wp-json\/wp\/v2\/media?parent=17489"}],"wp:term":[{"taxonomy":"category","embeddable":true,"href":"http:\/\/www.rincondelbulla.cl\/portal\/wp-json\/wp\/v2\/categories?post=17489"},{"taxonomy":"post_tag","embeddable":true,"href":"http:\/\/www.rincondelbulla.cl\/portal\/wp-json\/wp\/v2\/tags?post=17489"}],"curies":[{"name":"wp","href":"https:\/\/api.w.org\/{rel}","templated":true}]}}