{"id":17522,"date":"2020-11-16T10:00:00","date_gmt":"2020-11-16T13:00:00","guid":{"rendered":"http:\/\/www.rincondelbulla.cl\/portal\/?p=17522"},"modified":"2020-11-17T00:27:08","modified_gmt":"2020-11-17T03:27:08","slug":"montillo-y-la-llegada-de-dudamel-nos-pidio-poner-la-pelota-al-piso-pero-es-dificil-por-zoom","status":"publish","type":"post","link":"http:\/\/www.rincondelbulla.cl\/portal\/2020\/11\/16\/montillo-y-la-llegada-de-dudamel-nos-pidio-poner-la-pelota-al-piso-pero-es-dificil-por-zoom\/","title":{"rendered":"Montillo y la llegada de Dudamel: \u201cNos pidi\u00f3 poner la pelota al piso, pero es dif\u00edcil por Zoom\u201d"},"content":{"rendered":"\n<p>La Universidad de Chile gan\u00f3 el domingo a Wanderers, logr\u00f3 sumar tres importantes puntos y de paso homenajear a Carlos \u00abTanque\u00bb Campos.<\/p>\n<p>Pero muchos a\u00fan tienen en mente la interrumpida llegada de Rafael Dudamel a la \u00abU\u00bb, la que lo tiene en espera de que termine su aislamiento tras dar positivo por coronavirus.<\/p>\n<p>Eso si, eso no ha impedido que comience a establecer comunicaci\u00f3n con el plantel, eso si, sin interponerse en el trabajo de Marcelo Jara y Esteban Valencia.<\/p>\n<p>\u201cTodav\u00eda no lo tuvimos, es la realidad. Tampoco te vamos a decir que ya lleg\u00f3, porque no lo tuvimos con nosotros. Lamentablemente, \u00e9l se est\u00e1 recuperando. Esperemos que se ponga bien pronto. Estuvimos al comando de Marcelo y del Huevo Valencia e intentamos hacerlo lo mejor\u00bb, se\u00f1al\u00f3 sobre el arribo del t\u00e9cnico al CDA.<\/p>\n<p>El 10 azul cont\u00f3 que \u00abs\u00ed tuve un di\u00e1logo con \u00e9l. Hemos hablado un poco de f\u00fatbol. Todav\u00eda mucho no nos pidi\u00f3, m\u00e1s que intentar jugar bien a la pelota, de ponerla al piso. Es muy dif\u00edcil v\u00eda Zoom, que nos pida algo a cada uno o en lo grupal. Es una semana para nosotros un tanto diferente, porque pens\u00e1bamos contar con la presencia de \u00e9l. Intentaremos hacer lo mejor hasta que llegue para poder entrenar con la idea de juego que \u00e9l quiere\u201d.<\/p>\n","protected":false},"excerpt":{"rendered":"<p>La Universidad de Chile gan\u00f3 el domingo a Wanderers, logr\u00f3 sumar tres importantes puntos y de paso homenajear a Carlos \u00abTanque\u00bb Campos. Pero muchos a\u00fan tienen en mente la interrumpida llegada de Rafael Dudamel a la \u00abU\u00bb, la que lo tiene en espera de que termine su aislamiento tras dar positivo por coronavirus. Eso si, [&#8230;]<\/p>\n","protected":false},"author":21398,"featured_media":17523,"comment_status":"closed","ping_status":"open","sticky":false,"template":"","format":"standard","meta":{"footnotes":""},"categories":[18],"tags":[1667,61],"class_list":{"0":"post-17522","1":"post","2":"type-post","3":"status-publish","4":"format-standard","5":"has-post-thumbnail","7":"category-actualidad","8":"tag-rafael-dudamel","9":"tag-walter-montillo"},"_links":{"self":[{"href":"http:\/\/www.rincondelbulla.cl\/portal\/wp-json\/wp\/v2\/posts\/17522","targetHints":{"allow":["GET"]}}],"collection":[{"href":"http:\/\/www.rincondelbulla.cl\/portal\/wp-json\/wp\/v2\/posts"}],"about":[{"href":"http:\/\/www.rincondelbulla.cl\/portal\/wp-json\/wp\/v2\/types\/post"}],"author":[{"embeddable":true,"href":"http:\/\/www.rincondelbulla.cl\/portal\/wp-json\/wp\/v2\/users\/21398"}],"replies":[{"embeddable":true,"href":"http:\/\/www.rincondelbulla.cl\/portal\/wp-json\/wp\/v2\/comments?post=17522"}],"version-history":[{"count":1,"href":"http:\/\/www.rincondelbulla.cl\/portal\/wp-json\/wp\/v2\/posts\/17522\/revisions"}],"predecessor-version":[{"id":17524,"href":"http:\/\/www.rincondelbulla.cl\/portal\/wp-json\/wp\/v2\/posts\/17522\/revisions\/17524"}],"wp:featuredmedia":[{"embeddable":true,"href":"http:\/\/www.rincondelbulla.cl\/portal\/wp-json\/wp\/v2\/media\/17523"}],"wp:attachment":[{"href":"http:\/\/www.rincondelbulla.cl\/portal\/wp-json\/wp\/v2\/media?parent=17522"}],"wp:term":[{"taxonomy":"category","embeddable":true,"href":"http:\/\/www.rincondelbulla.cl\/portal\/wp-json\/wp\/v2\/categories?post=17522"},{"taxonomy":"post_tag","embeddable":true,"href":"http:\/\/www.rincondelbulla.cl\/portal\/wp-json\/wp\/v2\/tags?post=17522"}],"curies":[{"name":"wp","href":"https:\/\/api.w.org\/{rel}","templated":true}]}}