{"id":17534,"date":"2020-11-20T13:23:04","date_gmt":"2020-11-20T16:23:04","guid":{"rendered":"http:\/\/www.rincondelbulla.cl\/portal\/?p=17534"},"modified":"2020-11-20T13:23:06","modified_gmt":"2020-11-20T16:23:06","slug":"tuto-de-paul-puso-panos-frios-tras-encotron-con-espinoza-tengo-que-controlarme-un-poco-mas","status":"publish","type":"post","link":"http:\/\/www.rincondelbulla.cl\/portal\/2020\/11\/20\/tuto-de-paul-puso-panos-frios-tras-encotron-con-espinoza-tengo-que-controlarme-un-poco-mas\/","title":{"rendered":"Tuto de Paul puso pa\u00f1os fr\u00edos tras encotr\u00f3n con Espinoza: \u00abTengo que controlarme un poco m\u00e1s\u00bb"},"content":{"rendered":"\n<p>Tras el partido con La Calera, m\u00e1s all\u00e1 de la derrota, la imagen que qued\u00f3 fue al de Fernando de Paul junto a Gonzalo Espinoza discutiendo fuertemente y a los empujones.<\/p>\n<p>Pero de eso ya han pasado un par de d\u00edas y las aguas se calmaron. As\u00ed lo dej\u00f3 en claro hoy Fernando de Paul, quien reconoci\u00f3 que hoy asisti\u00f3 a conferencia de prensa para aclarar este tema.<\/p>\n<p>\u00abSi bien son cosas que pasan en el futbol, los que estuvieron saben que es por la adrenalina del partido. Aclarar que la relaci\u00f3n con Gonzalo no cambia para nada. Estamos detr\u00e1s de un mismo objetivo. Lo nombro a \u00e9l porque es con el que m\u00e1s se discuti\u00f3, pero hubo varios compa\u00f1eros que trataron de alejarme al \u00e1rbitro, nunca le falt\u00e9 el respeto, si dije cosas en un tono que no era el adecuado. Ped\u00eda explicaciones, pero mis compa\u00f1eros estuvieron bien en sacarme y se lo agradec\u00ed ayer en la charla. Mi reacci\u00f3n no fue de la mejor, pero de todo se aprende, y queda claro que esto no afecta al grupo en nada\u00bb, fueron sus extendidas palabras de entrada.<\/p>\n<p>Posteriormente agreg\u00f3 que \u00abel video completo de todo lo que pas\u00f3 no lo quise ver, si algunas im\u00e1genes\u00bb, mas que por la discusi\u00f3n con Espinoza, por lo que ocurri\u00f3 con parte del staff m\u00e9dico: \u00abReaccionar as\u00ed con gente que est\u00e1 siempre cuid\u00e1ndonos me da un poco de verg\u00fcenza y me hace no ver el video completo\u00bb.<\/p>\n<p>De hecho reconoci\u00f3 que este tema tambi\u00e9n fue abordado junto al nuevo t\u00e9cnico Rafael Dudamel en su primer entrenamiento en la \u00abU\u00bb. \u00abCon Rafael lo aclaramos hoy, pero fue algo r\u00e1pido porque es un tema que se solucion\u00f3, no hay problemas con nadie. Por eso se dio todo r\u00e1pido y bien\u00bb, coment\u00f3.<\/p>\n<p>Sobre el arribo del venezolano a la banca azul dijo que lo de hoy \u00absi bien fue su primer entrenamiento presente, \u00e9l se comunicaba con el cuerpo t\u00e9cnico. Hoy hicimos trabajos muy intensos, mas que nada mis compa\u00f1eros. Tenemos que adaptarnos r\u00e1pidamente al que el nos pida, y lo que nos pida para Everton tenemos que llevarlo a cabo, y espero salga de la mejor manera\u00bb.<\/p>\n<h2>Otras declaraciones<\/h2>\n<p><strong>\u00bfFue o no penal?:<\/strong> \u00abConsidero que no es penal para nada, no me hace falta ver tantas veces la jugada. Yo evito el remate el bal\u00f3n me queda a mi, pero bueno. Son decisiones del momento\u00bb.<\/p>\n<p><strong>\u00bfSe necesitaba al t\u00e9cnico pronto en la banca?:<\/strong> \u00abLa instituci\u00f3n necesitaba al t\u00e9cnico presente. Sab\u00edamos de las ganas que ten\u00eda de estar, pero nosotros nunca dejamos de trabajar de buena manera con el cuerpo t\u00e9cnico interino, estamos muy agradecidos de Marcelo Jara porque dieron el m\u00e1ximo para que entremos de la mejor manera. Es l\u00f3gico que necesit\u00e1bamos al t\u00e9cnico que eligi\u00f3 la instituci\u00f3n para adaptarnos a lo que nos pida y tener tiempo de trabajo. Para este partido tenemos pocos d\u00edas pero tenemos que asimilarlo\u00bb.<\/p>\n<p><strong>Las declaraciones de Johnny sobre el encontr\u00f3n:<\/strong> \u00abNos conocemos, tuvimos mucho tiempo juntos. Era obvio que se iba a solucionar r\u00e1pido. Con un abrazo, no llegamos a los besos, lo solucionamos. Es normal que pasen estas cosas. El partido con Everton lo enfrentamos como todos, tenemos jugadores al frente que han estado en el club como Eche y Johnny, pero todos los partidos dan 3 puntos\u00bb.\u00a0<\/p>\n<p><strong>\u00bfCon un ojo en la ponderada?:<\/strong> \u00abTampoco estamos todo el tiempo pensando en el a\u00f1o pasado, hay que pensar en el campeonato de ahora. Estamos en un momento que tenemos que ir partido tras partido, necesitamos ganar dos partidos seguidos, y los objetivos de la &#8216;U&#8217; siempre van a estar arriba\u00bb.<\/p>\n<p><strong>Momento individual:<\/strong> \u00abLo que quiero es conseguir resultados grupales, eso te hace bien en lo individual. Esa es la realidad, despu\u00e9s individualmente estoy contento por la continuidad, mi rendimiento no del todo, soy muy autocr\u00edtico, siempre fui as\u00ed y quiero seguir mejorando\u00bb.<\/p>\n<p><div class=\"youtube-embed\" data-video_id=\"ZYbx8EIw-lM\"><iframe loading=\"lazy\" title=\"[EN VIVO] Fernando De Paul habla con la prensa en el CDA\" width=\"696\" height=\"392\" src=\"https:\/\/www.youtube.com\/embed\/ZYbx8EIw-lM?feature=oembed&#038;enablejsapi=1\" frameborder=\"0\" allow=\"accelerometer; autoplay; clipboard-write; encrypted-media; gyroscope; picture-in-picture\" allowfullscreen><\/iframe><\/div><\/p>\n","protected":false},"excerpt":{"rendered":"<p>Tras el partido con La Calera, m\u00e1s all\u00e1 de la derrota, la imagen que qued\u00f3 fue al de Fernando de Paul junto a Gonzalo Espinoza discutiendo fuertemente y a los empujones. Pero de eso ya han pasado un par de d\u00edas y las aguas se calmaron. As\u00ed lo dej\u00f3 en claro hoy Fernando de Paul, [&#8230;]<\/p>\n","protected":false},"author":21398,"featured_media":17535,"comment_status":"closed","ping_status":"open","sticky":false,"template":"","format":"standard","meta":{"footnotes":""},"categories":[18],"tags":[855],"class_list":{"0":"post-17534","1":"post","2":"type-post","3":"status-publish","4":"format-standard","5":"has-post-thumbnail","7":"category-actualidad","8":"tag-fernando-de-paul"},"_links":{"self":[{"href":"http:\/\/www.rincondelbulla.cl\/portal\/wp-json\/wp\/v2\/posts\/17534","targetHints":{"allow":["GET"]}}],"collection":[{"href":"http:\/\/www.rincondelbulla.cl\/portal\/wp-json\/wp\/v2\/posts"}],"about":[{"href":"http:\/\/www.rincondelbulla.cl\/portal\/wp-json\/wp\/v2\/types\/post"}],"author":[{"embeddable":true,"href":"http:\/\/www.rincondelbulla.cl\/portal\/wp-json\/wp\/v2\/users\/21398"}],"replies":[{"embeddable":true,"href":"http:\/\/www.rincondelbulla.cl\/portal\/wp-json\/wp\/v2\/comments?post=17534"}],"version-history":[{"count":1,"href":"http:\/\/www.rincondelbulla.cl\/portal\/wp-json\/wp\/v2\/posts\/17534\/revisions"}],"predecessor-version":[{"id":17536,"href":"http:\/\/www.rincondelbulla.cl\/portal\/wp-json\/wp\/v2\/posts\/17534\/revisions\/17536"}],"wp:featuredmedia":[{"embeddable":true,"href":"http:\/\/www.rincondelbulla.cl\/portal\/wp-json\/wp\/v2\/media\/17535"}],"wp:attachment":[{"href":"http:\/\/www.rincondelbulla.cl\/portal\/wp-json\/wp\/v2\/media?parent=17534"}],"wp:term":[{"taxonomy":"category","embeddable":true,"href":"http:\/\/www.rincondelbulla.cl\/portal\/wp-json\/wp\/v2\/categories?post=17534"},{"taxonomy":"post_tag","embeddable":true,"href":"http:\/\/www.rincondelbulla.cl\/portal\/wp-json\/wp\/v2\/tags?post=17534"}],"curies":[{"name":"wp","href":"https:\/\/api.w.org\/{rel}","templated":true}]}}