{"id":17537,"date":"2020-11-20T14:30:49","date_gmt":"2020-11-20T17:30:49","guid":{"rendered":"http:\/\/www.rincondelbulla.cl\/portal\/?p=17537"},"modified":"2020-11-20T14:30:51","modified_gmt":"2020-11-20T17:30:51","slug":"gobierno-y-anfp-trabajan-en-protocolo-para-que-vuelvan-los-hinchas","status":"publish","type":"post","link":"http:\/\/www.rincondelbulla.cl\/portal\/2020\/11\/20\/gobierno-y-anfp-trabajan-en-protocolo-para-que-vuelvan-los-hinchas\/","title":{"rendered":"Gobierno y ANFP trabajan en protocolo para que vuelvan los hinchas"},"content":{"rendered":"\n<p>La pandemia ha alejado a los hinchas de los estadios por largos meses, un dolor que todos sentimos por la alta fidelidad que mantienen los azules con la asistencia a la cancha.<\/p>\n<p>Pero al parecer hay luz al final del t\u00fanel, esto porque el gobierno anunci\u00f3 que se estudia el regreso de los hinchas a los estadios del pa\u00eds.<\/p>\n<p>As\u00ed lo anunci\u00f3 la ministra del Deporte, Cecilia P\u00e9rez, quien en conjunto con el Ministerio de Salud y la ANFP. \u00abRecibimos una solicitud del presidente de la ANFP, Pablo Milad, y estamos trabajando en protocolos de eventual aforo en estadios que est\u00e9n sobre la fase 3\u00bb, indic\u00f3 a El Mercurio.<\/p>\n<p>\u00abCon eso tenemos que trabajar con el Ministerio de Salud, que tiene la decisi\u00f3n del control y manejo de la pandemia. Todos hacemos el esfuerzo para que el f\u00fatbol se juegue con p\u00fablico, porque tiene una pasi\u00f3n distinta, pero la prioridad es cuidar la salud de los deportistas\u00bb, agreg\u00f3 la jefa de la cartera de deportes.<\/p>\n<p>Para esto, anunci\u00f3 que \u00abestamos trabajando en tener porcentajes de aforo, si es posible, para el f\u00fatbol profesional\u201d.<\/p>\n","protected":false},"excerpt":{"rendered":"<p>La pandemia ha alejado a los hinchas de los estadios por largos meses, un dolor que todos sentimos por la alta fidelidad que mantienen los azules con la asistencia a la cancha. Pero al parecer hay luz al final del t\u00fanel, esto porque el gobierno anunci\u00f3 que se estudia el regreso de los hinchas a [&#8230;]<\/p>\n","protected":false},"author":21398,"featured_media":17538,"comment_status":"closed","ping_status":"open","sticky":false,"template":"","format":"standard","meta":{"footnotes":""},"categories":[18],"tags":[385,431,180],"class_list":{"0":"post-17537","1":"post","2":"type-post","3":"status-publish","4":"format-standard","5":"has-post-thumbnail","7":"category-actualidad","8":"tag-anfp","9":"tag-gobierno","10":"tag-hinchas"},"_links":{"self":[{"href":"http:\/\/www.rincondelbulla.cl\/portal\/wp-json\/wp\/v2\/posts\/17537","targetHints":{"allow":["GET"]}}],"collection":[{"href":"http:\/\/www.rincondelbulla.cl\/portal\/wp-json\/wp\/v2\/posts"}],"about":[{"href":"http:\/\/www.rincondelbulla.cl\/portal\/wp-json\/wp\/v2\/types\/post"}],"author":[{"embeddable":true,"href":"http:\/\/www.rincondelbulla.cl\/portal\/wp-json\/wp\/v2\/users\/21398"}],"replies":[{"embeddable":true,"href":"http:\/\/www.rincondelbulla.cl\/portal\/wp-json\/wp\/v2\/comments?post=17537"}],"version-history":[{"count":1,"href":"http:\/\/www.rincondelbulla.cl\/portal\/wp-json\/wp\/v2\/posts\/17537\/revisions"}],"predecessor-version":[{"id":17539,"href":"http:\/\/www.rincondelbulla.cl\/portal\/wp-json\/wp\/v2\/posts\/17537\/revisions\/17539"}],"wp:featuredmedia":[{"embeddable":true,"href":"http:\/\/www.rincondelbulla.cl\/portal\/wp-json\/wp\/v2\/media\/17538"}],"wp:attachment":[{"href":"http:\/\/www.rincondelbulla.cl\/portal\/wp-json\/wp\/v2\/media?parent=17537"}],"wp:term":[{"taxonomy":"category","embeddable":true,"href":"http:\/\/www.rincondelbulla.cl\/portal\/wp-json\/wp\/v2\/categories?post=17537"},{"taxonomy":"post_tag","embeddable":true,"href":"http:\/\/www.rincondelbulla.cl\/portal\/wp-json\/wp\/v2\/tags?post=17537"}],"curies":[{"name":"wp","href":"https:\/\/api.w.org\/{rel}","templated":true}]}}