{"id":17559,"date":"2020-12-01T12:31:57","date_gmt":"2020-12-01T15:31:57","guid":{"rendered":"http:\/\/www.rincondelbulla.cl\/portal\/?p=17559"},"modified":"2020-12-01T12:35:54","modified_gmt":"2020-12-01T15:35:54","slug":"luis-del-pino-espera-que-a-salida-de-montillo-se-pueda-revertir","status":"publish","type":"post","link":"http:\/\/www.rincondelbulla.cl\/portal\/2020\/12\/01\/luis-del-pino-espera-que-a-salida-de-montillo-se-pueda-revertir\/","title":{"rendered":"Luis del Pino espera que la salida de Montillo \u00abse pueda revertir\u00bb"},"content":{"rendered":"\n<p>Tal como lo dijo Walter Montillo, su noticia de que no renovar\u00e1 con la \u00abU\u00bb ser\u00eda una bomba y as\u00ed se sinti\u00f3 en la conferencia de Luis del Pino Mago.<\/p>\n<p>El defensor venezolano abord\u00f3 con bastante tranquilidad esta compleja noticia para los azules. \u00abComo grupo, es una situaci\u00f3n bastante dif\u00edcil, pero con la esperanza. Veo a Walter tranquilo, y con la esperanza que se pueda revertir esa decisi\u00f3n y puedan llegar a un acuerdo que favorezca las dos partes. Eso es lo que deseo por su tranquilidad, la del club y el grupo, que es importante para seguir enfocados en los objetivos\u00bb, dijo de entrada.<\/p>\n<p>Sobre lo que puede ocurrir con el impacto de esta noticia en medio de una semana de cl\u00e1sico asegur\u00f3 que \u00abes una situaci\u00f3n que por momentos te desenfoca de la importancia del partido que viene, pero como grupo tenemos que separar las situaciones y tomar la tranquilidad que nos transmite Walter, de que tenemos que enfocarnos en el partido, despu\u00e9s son temas fuera del campo que uno compa\u00f1ero espera que se resuelvan da la mejor manera\u00bb.<\/p>\n<h2>Otras declaraciones<\/h2>\n<p><strong>La \u00abU\u00bb sin Montillo:<\/strong> \u00abYo creo que much\u00edsimo, Walter ha sido uno de los puntos, sino el mas alto del plantel a nivel de resultados, asistencias. Es un jugador diferente y nos aporta tanto adentro como afuera del campo. Perder\u00eda much\u00edsimo, por lo mismo espero que la situaci\u00f3n se pueda revertir.\u00bb<\/p>\n<p><strong>La \u00abU\u00bb vs la UC:<\/strong> \u00abEs un partido muy importante, mas que una revancha tiene una importancia emocional y para las aspiraciones que tenemos como equipo, de acercarnos lo mas que se pueda a la punta y sabemos que es important\u00edsimo para eso (&#8230;) Ellos tienen jugadores muy importantes, pero creo que si conseguimos un funcionamiento colectivo parejo, podemos revertir sus cualidades y hacer da\u00f1o\u00bb.\u00a0<\/p>\n<p><strong>Su relaci\u00f3n en la llegada de Dudamel:<\/strong> \u00abNo nexo como tal, los puntos son netamente deportivo que yo toqu\u00e9 dentro de su llegada. Referencias del club y los compa\u00f1eros, pero nada m\u00e1s. Es una responsabilidad bastante grande estar con un t\u00e9cnico que ya conozco y tiene mi misma nacionalidad. Estoy muy contento por su llegada, much\u00edsima ilusi\u00f3n en lo que viene y ojala reflejar su trabajo en el campo de juego\u00bb.<\/p>\n<p><div class=\"youtube-embed\" data-video_id=\"AjUpB7rzrl8\"><iframe loading=\"lazy\" title=\"[EN VIVO]\u00a0Luis Del Pino habla con la prensa en el CDA\" width=\"696\" height=\"392\" src=\"https:\/\/www.youtube.com\/embed\/AjUpB7rzrl8?feature=oembed&#038;enablejsapi=1\" frameborder=\"0\" allow=\"accelerometer; autoplay; clipboard-write; encrypted-media; gyroscope; picture-in-picture\" allowfullscreen><\/iframe><\/div><\/p>\n<p>\u00a0<\/p>\n","protected":false},"excerpt":{"rendered":"<p>Tal como lo dijo Walter Montillo, su noticia de que no renovar\u00e1 con la \u00abU\u00bb ser\u00eda una bomba y as\u00ed se sinti\u00f3 en la conferencia de Luis del Pino Mago. El defensor venezolano abord\u00f3 con bastante tranquilidad esta compleja noticia para los azules. \u00abComo grupo, es una situaci\u00f3n bastante dif\u00edcil, pero con la esperanza. Veo [&#8230;]<\/p>\n","protected":false},"author":21398,"featured_media":17561,"comment_status":"closed","ping_status":"open","sticky":false,"template":"","format":"standard","meta":{"footnotes":""},"categories":[18],"tags":[1671,61],"class_list":{"0":"post-17559","1":"post","2":"type-post","3":"status-publish","4":"format-standard","5":"has-post-thumbnail","7":"category-actualidad","8":"tag-luis-del-pino-mago","9":"tag-walter-montillo"},"_links":{"self":[{"href":"http:\/\/www.rincondelbulla.cl\/portal\/wp-json\/wp\/v2\/posts\/17559","targetHints":{"allow":["GET"]}}],"collection":[{"href":"http:\/\/www.rincondelbulla.cl\/portal\/wp-json\/wp\/v2\/posts"}],"about":[{"href":"http:\/\/www.rincondelbulla.cl\/portal\/wp-json\/wp\/v2\/types\/post"}],"author":[{"embeddable":true,"href":"http:\/\/www.rincondelbulla.cl\/portal\/wp-json\/wp\/v2\/users\/21398"}],"replies":[{"embeddable":true,"href":"http:\/\/www.rincondelbulla.cl\/portal\/wp-json\/wp\/v2\/comments?post=17559"}],"version-history":[{"count":2,"href":"http:\/\/www.rincondelbulla.cl\/portal\/wp-json\/wp\/v2\/posts\/17559\/revisions"}],"predecessor-version":[{"id":17563,"href":"http:\/\/www.rincondelbulla.cl\/portal\/wp-json\/wp\/v2\/posts\/17559\/revisions\/17563"}],"wp:featuredmedia":[{"embeddable":true,"href":"http:\/\/www.rincondelbulla.cl\/portal\/wp-json\/wp\/v2\/media\/17561"}],"wp:attachment":[{"href":"http:\/\/www.rincondelbulla.cl\/portal\/wp-json\/wp\/v2\/media?parent=17559"}],"wp:term":[{"taxonomy":"category","embeddable":true,"href":"http:\/\/www.rincondelbulla.cl\/portal\/wp-json\/wp\/v2\/categories?post=17559"},{"taxonomy":"post_tag","embeddable":true,"href":"http:\/\/www.rincondelbulla.cl\/portal\/wp-json\/wp\/v2\/tags?post=17559"}],"curies":[{"name":"wp","href":"https:\/\/api.w.org\/{rel}","templated":true}]}}