{"id":17560,"date":"2020-12-01T10:00:06","date_gmt":"2020-12-01T13:00:06","guid":{"rendered":"http:\/\/www.rincondelbulla.cl\/portal\/?p=17560"},"modified":"2020-12-01T13:13:28","modified_gmt":"2020-12-01T16:13:28","slug":"azul-azul-responde-a-montillo-nadie-ha-dicho-que-no-estaba-en-los-planes","status":"publish","type":"post","link":"http:\/\/www.rincondelbulla.cl\/portal\/2020\/12\/01\/azul-azul-responde-a-montillo-nadie-ha-dicho-que-no-estaba-en-los-planes\/","title":{"rendered":"Azul Azul responde a Montillo: \u00abNadie ha dicho que no estaba en los planes\u00bb"},"content":{"rendered":"\n<p>El remez\u00f3n de la noticia de que Walter Montillo <a href=\"http:\/\/www.rincondelbulla.cl\/portal\/2020\/11\/30\/montillo-no-seguira-en-la-u-tengo-una-decision-tomada-que-es-no-renovar\/\">no renovar\u00e1 con la \u00abU\u00bb<\/a> ha pegado fuerte, por lo mismo desde la dirigencia de Azul Azul emitieron un comunicado para responder al volante.<\/p>\n<p>\u00abEl Club Universidad de Chile lamenta la determinaci\u00f3n del jugador Walter Montillo, quien ha decidido planificar su a\u00f1o 2021 sin considerar la opci\u00f3n de conversar una extensi\u00f3n o potencial renovaci\u00f3n de su contrato, argumentando que su premura pasa por definiciones familiares\u00bb, comienza diciendo el comunicado.<\/p>\n<p>Es ah\u00ed donde declaran claramente que \u00abnadie en el Club ha dicho o manifestado que Walter Montillo no estaba en los planes. Muy por el contrario, dentro de las conversaciones con su representante siempre se dej\u00f3 en claro que esper\u00e1bamos seguir contando con \u00e9l\u00bb.<\/p>\n<p>Seg\u00fan la dirigencia se tiene \u00abel mayor de los intereses en que Montillo siga siendo el jugador protagonista e importante que ha sido durante el a\u00f1o, as\u00ed como tambi\u00e9n que cumpla con su contrato, y posterior extensi\u00f3n, la cual lo une al Club hasta el 31 de enero de 2021\u00bb.<\/p>\n<p>Posteriormente desatacan su \u00abforma establecida\u00bb para las negociaciones, las que seg\u00fan el escrito est\u00e1n definidas y \u00abno buscan personalizar en un jugador\u00bb.<\/p>\n<p>Finalmente aseguran que\u00a0 \u00abno nos parece apropiado, ni razonable, a m\u00e1s de 14 fechas del t\u00e9rmino del Campeonato, tener que negociar bajo presiones, m\u00e1s a\u00fan en una semana de cl\u00e1sico. Queremos que nuestros jugadores est\u00e9n tranquilos para poder hacer un buen partido. Cada fin de temporada son varios los futbolistas que finalizan contrato, y por ellos se analizan indistintas variables, que definan lo mejor para la instituci\u00f3n\u00bb.<\/p>\n<p><a href=\"https:\/\/www.udechile.cl\/comunicado-situacion-de-walter-montillo\/\"><strong>Lee el comunicado completo aqu\u00ed<\/strong><\/a><\/p>\n","protected":false},"excerpt":{"rendered":"<p>El remez\u00f3n de la noticia de que Walter Montillo no renovar\u00e1 con la \u00abU\u00bb ha pegado fuerte, por lo mismo desde la dirigencia de Azul Azul emitieron un comunicado para responder al volante. \u00abEl Club Universidad de Chile lamenta la determinaci\u00f3n del jugador Walter Montillo, quien ha decidido planificar su a\u00f1o 2021 sin considerar la [&#8230;]<\/p>\n","protected":false},"author":21398,"featured_media":17564,"comment_status":"closed","ping_status":"open","sticky":false,"template":"","format":"standard","meta":{"footnotes":""},"categories":[18],"tags":[61],"class_list":{"0":"post-17560","1":"post","2":"type-post","3":"status-publish","4":"format-standard","5":"has-post-thumbnail","7":"category-actualidad","8":"tag-walter-montillo"},"_links":{"self":[{"href":"http:\/\/www.rincondelbulla.cl\/portal\/wp-json\/wp\/v2\/posts\/17560","targetHints":{"allow":["GET"]}}],"collection":[{"href":"http:\/\/www.rincondelbulla.cl\/portal\/wp-json\/wp\/v2\/posts"}],"about":[{"href":"http:\/\/www.rincondelbulla.cl\/portal\/wp-json\/wp\/v2\/types\/post"}],"author":[{"embeddable":true,"href":"http:\/\/www.rincondelbulla.cl\/portal\/wp-json\/wp\/v2\/users\/21398"}],"replies":[{"embeddable":true,"href":"http:\/\/www.rincondelbulla.cl\/portal\/wp-json\/wp\/v2\/comments?post=17560"}],"version-history":[{"count":2,"href":"http:\/\/www.rincondelbulla.cl\/portal\/wp-json\/wp\/v2\/posts\/17560\/revisions"}],"predecessor-version":[{"id":17566,"href":"http:\/\/www.rincondelbulla.cl\/portal\/wp-json\/wp\/v2\/posts\/17560\/revisions\/17566"}],"wp:featuredmedia":[{"embeddable":true,"href":"http:\/\/www.rincondelbulla.cl\/portal\/wp-json\/wp\/v2\/media\/17564"}],"wp:attachment":[{"href":"http:\/\/www.rincondelbulla.cl\/portal\/wp-json\/wp\/v2\/media?parent=17560"}],"wp:term":[{"taxonomy":"category","embeddable":true,"href":"http:\/\/www.rincondelbulla.cl\/portal\/wp-json\/wp\/v2\/categories?post=17560"},{"taxonomy":"post_tag","embeddable":true,"href":"http:\/\/www.rincondelbulla.cl\/portal\/wp-json\/wp\/v2\/tags?post=17560"}],"curies":[{"name":"wp","href":"https:\/\/api.w.org\/{rel}","templated":true}]}}