{"id":17586,"date":"2020-12-07T12:53:33","date_gmt":"2020-12-07T15:53:33","guid":{"rendered":"http:\/\/www.rincondelbulla.cl\/portal\/?p=17586"},"modified":"2020-12-07T12:55:27","modified_gmt":"2020-12-07T15:55:27","slug":"reinaldo-lenis-me-siento-capacitado-para-ser-titular","status":"publish","type":"post","link":"http:\/\/www.rincondelbulla.cl\/portal\/2020\/12\/07\/reinaldo-lenis-me-siento-capacitado-para-ser-titular\/","title":{"rendered":"Reinaldo Lenis: \u00abMe siento capacitado para ser titular\u00bb"},"content":{"rendered":"\n<p><\/p>\n<p>Tras su llegada, Reinaldo Lenis se pone a punto para debutar con la camiseta de la \u00abU\u00bb, lo que ocurrir\u00eda en el suspendido partido ante la UC y que finalmente podr\u00eda ser en el duelo ante Audax Italiano.<\/p>\n<p>\u00abMe he sentido muy bien, esta es mi tercera semana, he evolucionado bien y me siento capacitado para ser titular si el t\u00e9cnico lo de decide\u00bb, lanz\u00f3 de entrada el colombiano.<\/p>\n<p>El refuerzo azul no juega desde marzo pero no duda en estar capacitado para ser desde el arranque. \u00abNo estoy preocupado, he venido trabajado bien, si bien hace mucho no juego, en Colombia me estaba trabajando para esto. Creo que he sentido bastante bien esta semana y espero poder hacerlo de la mejor manera si me toca\u00bb, explic\u00f3.<\/p>\n<p>Sobre la lucha por un puesto, se\u00f1al\u00f3 que \u00abla posici\u00f3n donde juego hay compa\u00f1eros con buena capacidad t\u00e9cnica, tengo la virtud de hacerlo por derecha o por izquierda. Es una competencia sana, hay muy buenos jugadores y el profe decidir\u00e1 qui\u00e9n est\u00e1 mejor para hacerlo\u00bb<\/p>\n<p>Adem\u00e1s aclar\u00f3 su posici\u00f3n en la cancha. \u00abSoy m\u00e1s asistidor que goleador, si ben me gusta hacer oles, por mi posici\u00f3n es m\u00e1s dif\u00edcil. Pero me gusta asistir al 9, que salga goleador que es de lo vive. Lo m\u00edo es m\u00e1s sacrificio a la hora de defender y el juego en equipo\u00bb, sostuvo Lenis.<\/p>\n<h2>Otras declaraciones<\/h2>\n<p><strong>Delantera azul:<\/strong> \u00abEn los partidos que vi, not\u00e9 que cuando jugaban con \u00c1ngelo no eran tan profundos porque el era m\u00e1s 9. Con Larry habl\u00e1bamos que \u00edbamos a ser m\u00e1s profundo, tratar de romper l\u00edneas y ganar en velocidad, algo que ven\u00eda faltando en el equipo\u00bb<\/p>\n<p><strong>Debut en sint\u00e9tica:<\/strong> \u00abMuy pocas veces he tenido de jugar en competencia profesional en cancha sint\u00e9tica. En vacaciones como parte de mi entrenamiento hacia unas dos veces por semana con sint\u00e9tica, y eso es una ventaja que tengo esos entrenamientos ah\u00ed\u00bb<\/p>\n<p><strong>Ar\u00e1nguiz y Walter:<\/strong> \u00abLo he visto muy bien, muy activo, t\u00e9cnicamente r\u00e1pido, no s\u00e9 qu\u00e9 lesi\u00f3n tuvo pero se ha ido adaptando muy bien a los trabajos del profe y confiado de lo que puede dar. A Walter reci\u00e9n lo vi en campo prepar\u00e1ndose f\u00edsicamente si dios quiere en el pr\u00f3ximo partido\u00bb<\/p>\n<p><strong>F\u00fatbol chileno:<\/strong> \u00abHe visto un poco de f\u00fatbol esta semana, vi un poco de los cl\u00e1sicos anteriores. Este fin de semana vi unos partidos de los que se jugaron, creo que es un f\u00fatbol parecido al de Colombia que es m\u00e1s t\u00e1ctico. Ya acostumbrado a eso creo que puedo aportarle velocidad al equipo y actitud a la hora de defender\u00bb.\u00a0<\/p>\n<p><iframe loading=\"lazy\" title=\"[EN VIVO] Reinaldo Lenis habla con la prensa en el CDA\" width=\"696\" height=\"392\" src=\"https:\/\/www.youtube.com\/embed\/PmMj60Dc9RE?feature=oembed\" frameborder=\"0\" allow=\"accelerometer; autoplay; clipboard-write; encrypted-media; gyroscope; picture-in-picture\" allowfullscreen><\/iframe><\/p>\n<p><\/p>\n","protected":false},"excerpt":{"rendered":"<p>Tras su llegada, Reinaldo Lenis se pone a punto para debutar con la camiseta de la \u00abU\u00bb, lo que ocurrir\u00eda en el suspendido partido ante la UC y que finalmente podr\u00eda ser en el duelo ante Audax Italiano. \u00abMe he sentido muy bien, esta es mi tercera semana, he evolucionado bien y me siento capacitado [&#8230;]<\/p>\n","protected":false},"author":21398,"featured_media":17587,"comment_status":"closed","ping_status":"open","sticky":false,"template":"","format":"standard","meta":{"footnotes":""},"categories":[18],"tags":[1674,294],"class_list":{"0":"post-17586","1":"post","2":"type-post","3":"status-publish","4":"format-standard","5":"has-post-thumbnail","7":"category-actualidad","8":"tag-reinaldo-lenis","9":"tag-u-de-chile"},"_links":{"self":[{"href":"http:\/\/www.rincondelbulla.cl\/portal\/wp-json\/wp\/v2\/posts\/17586","targetHints":{"allow":["GET"]}}],"collection":[{"href":"http:\/\/www.rincondelbulla.cl\/portal\/wp-json\/wp\/v2\/posts"}],"about":[{"href":"http:\/\/www.rincondelbulla.cl\/portal\/wp-json\/wp\/v2\/types\/post"}],"author":[{"embeddable":true,"href":"http:\/\/www.rincondelbulla.cl\/portal\/wp-json\/wp\/v2\/users\/21398"}],"replies":[{"embeddable":true,"href":"http:\/\/www.rincondelbulla.cl\/portal\/wp-json\/wp\/v2\/comments?post=17586"}],"version-history":[{"count":2,"href":"http:\/\/www.rincondelbulla.cl\/portal\/wp-json\/wp\/v2\/posts\/17586\/revisions"}],"predecessor-version":[{"id":17589,"href":"http:\/\/www.rincondelbulla.cl\/portal\/wp-json\/wp\/v2\/posts\/17586\/revisions\/17589"}],"wp:featuredmedia":[{"embeddable":true,"href":"http:\/\/www.rincondelbulla.cl\/portal\/wp-json\/wp\/v2\/media\/17587"}],"wp:attachment":[{"href":"http:\/\/www.rincondelbulla.cl\/portal\/wp-json\/wp\/v2\/media?parent=17586"}],"wp:term":[{"taxonomy":"category","embeddable":true,"href":"http:\/\/www.rincondelbulla.cl\/portal\/wp-json\/wp\/v2\/categories?post=17586"},{"taxonomy":"post_tag","embeddable":true,"href":"http:\/\/www.rincondelbulla.cl\/portal\/wp-json\/wp\/v2\/tags?post=17586"}],"curies":[{"name":"wp","href":"https:\/\/api.w.org\/{rel}","templated":true}]}}