{"id":17604,"date":"2020-12-30T14:24:50","date_gmt":"2020-12-30T17:24:50","guid":{"rendered":"http:\/\/www.rincondelbulla.cl\/portal\/?p=17604"},"modified":"2020-12-30T14:24:51","modified_gmt":"2020-12-30T17:24:51","slug":"montillo-revela-que-la-u-intento-retenerlo-me-enviaron-una-carta","status":"publish","type":"post","link":"http:\/\/www.rincondelbulla.cl\/portal\/2020\/12\/30\/montillo-revela-que-la-u-intento-retenerlo-me-enviaron-una-carta\/","title":{"rendered":"Montillo revela que la \u00abU\u00bb intent\u00f3 retenerlo: \u00abMe enviaron una carta\u00bb"},"content":{"rendered":"\n<p>Walter Montillo no pasa por su mejor momento en la cancha, eso a la par de sus compa\u00f1eros, quienes pr\u00e1cticamente no jugaron ante Cobresal, donde perdieron por 2-0.<\/p>\n<p>Hoy en conferencia dio claras muestras de eso. \u00abEl equipo est\u00e1 triste, pero no por eso deja de trabajar. Tiene convicci\u00f3n y ganas de sacar esto adelante. No nos est\u00e1 alcanzando con lo que damos, y tenemos que dar m\u00e1s, y eso no es tirarse de cabeza, es jugar mejor\u00bb, destac\u00f3.<\/p>\n<p>Eso si, el foco principal fue su decisi\u00f3n de retirarse, la que volvi\u00f3 a confirmar. \u00abEs una decisi\u00f3n tomada, yo siempre me consider\u00e9 una persona que mantuvo su palabra y es el momento. En la carrera de un jugador son avisos, yo lo comuniqu\u00e9 con tiempo para no generar falsas expectativas. Desde el primer momento que lo dije sabia que mi decisi\u00f3n estaba tomada y no iba a cambiar de parecer. Me quiero ir con la tranquilidad de haber podido ayudar al equipo, estamos en una situaci\u00f3n complicada, si bien seguimos teniendo un poco de holgura en puntos, seguimos en una posici\u00f3n dif\u00edcil\u00bb, coment\u00f3.\u00a0<\/p>\n<p>\u00bfY habr\u00e1 posibilidad de que eso se revierta si la \u00abU\u00bb llegase a descender\u00bb? Con esa pregunta, el argentino entr\u00f3 a dudar, aunque prefiere no ponerse en ese lugar. \u00abEs algo que me pas\u00f3 en Tigre, si bien all\u00e1 hicimos un gran campeonato me sent\u00ed muy responsable al descender, y yo se lo hab\u00eda dicho al presidente que yo sent\u00eda que me tenia que quedar a jugar en la B argentina. No me quiero poner en ese escenario ac\u00e1, no quiero que pase, si llega a pasar de verdad no lo se, porque me sentir\u00eda muy mal y culpable, prefiero no pensarlo. Si pasa lo hablaremos m\u00e1s adelante\u00bb, indic\u00f3.<\/p>\n<p>Eso si, ante los rumores de que tras su anuncio de retiro la dirigencia inmediatamente se hab\u00eda comunicado con \u00e9l, Walter aclar\u00f3 que \u00abel club me dio una carta, pero ya hab\u00eda paso el tiempo que ten\u00eda estipulado. Pero ya es una decisi\u00f3n tomada, se lo dije al t\u00e9cnico porque el toma las decisiones, despu\u00e9s a mis compa\u00f1eros, peor eso fue hace mucho. Quiero dejar a la \u00abU\u00bb lo m\u00e1s alto posible desde donde me toque. Ojala podamos tener un 2021 con m\u00e1s tranquilidad\u00bb.<\/p>\n<p><div class=\"youtube-embed\" data-video_id=\"Ryw1ysV85hY\"><iframe loading=\"lazy\" title=\"[EN VIVO]\u00a0Walter Montillo habla con la prensa en el CDA\" width=\"696\" height=\"392\" src=\"https:\/\/www.youtube.com\/embed\/Ryw1ysV85hY?feature=oembed&#038;enablejsapi=1\" frameborder=\"0\" allow=\"accelerometer; autoplay; clipboard-write; encrypted-media; gyroscope; picture-in-picture\" allowfullscreen><\/iframe><\/div><\/p>\n","protected":false},"excerpt":{"rendered":"<p>Walter Montillo no pasa por su mejor momento en la cancha, eso a la par de sus compa\u00f1eros, quienes pr\u00e1cticamente no jugaron ante Cobresal, donde perdieron por 2-0. Hoy en conferencia dio claras muestras de eso. \u00abEl equipo est\u00e1 triste, pero no por eso deja de trabajar. Tiene convicci\u00f3n y ganas de sacar esto adelante. [&#8230;]<\/p>\n","protected":false},"author":21398,"featured_media":17605,"comment_status":"closed","ping_status":"open","sticky":false,"template":"","format":"standard","meta":{"footnotes":""},"categories":[18],"tags":[61],"class_list":{"0":"post-17604","1":"post","2":"type-post","3":"status-publish","4":"format-standard","5":"has-post-thumbnail","7":"category-actualidad","8":"tag-walter-montillo"},"_links":{"self":[{"href":"http:\/\/www.rincondelbulla.cl\/portal\/wp-json\/wp\/v2\/posts\/17604","targetHints":{"allow":["GET"]}}],"collection":[{"href":"http:\/\/www.rincondelbulla.cl\/portal\/wp-json\/wp\/v2\/posts"}],"about":[{"href":"http:\/\/www.rincondelbulla.cl\/portal\/wp-json\/wp\/v2\/types\/post"}],"author":[{"embeddable":true,"href":"http:\/\/www.rincondelbulla.cl\/portal\/wp-json\/wp\/v2\/users\/21398"}],"replies":[{"embeddable":true,"href":"http:\/\/www.rincondelbulla.cl\/portal\/wp-json\/wp\/v2\/comments?post=17604"}],"version-history":[{"count":1,"href":"http:\/\/www.rincondelbulla.cl\/portal\/wp-json\/wp\/v2\/posts\/17604\/revisions"}],"predecessor-version":[{"id":17606,"href":"http:\/\/www.rincondelbulla.cl\/portal\/wp-json\/wp\/v2\/posts\/17604\/revisions\/17606"}],"wp:featuredmedia":[{"embeddable":true,"href":"http:\/\/www.rincondelbulla.cl\/portal\/wp-json\/wp\/v2\/media\/17605"}],"wp:attachment":[{"href":"http:\/\/www.rincondelbulla.cl\/portal\/wp-json\/wp\/v2\/media?parent=17604"}],"wp:term":[{"taxonomy":"category","embeddable":true,"href":"http:\/\/www.rincondelbulla.cl\/portal\/wp-json\/wp\/v2\/categories?post=17604"},{"taxonomy":"post_tag","embeddable":true,"href":"http:\/\/www.rincondelbulla.cl\/portal\/wp-json\/wp\/v2\/tags?post=17604"}],"curies":[{"name":"wp","href":"https:\/\/api.w.org\/{rel}","templated":true}]}}