{"id":17608,"date":"2021-01-05T14:25:34","date_gmt":"2021-01-05T17:25:34","guid":{"rendered":"http:\/\/www.rincondelbulla.cl\/portal\/?p=17608"},"modified":"2021-01-05T14:25:36","modified_gmt":"2021-01-05T17:25:36","slug":"pablo-aranguiz-todavia-no-estoy-en-el-nivel-que-se-espera-de-mi","status":"publish","type":"post","link":"http:\/\/www.rincondelbulla.cl\/portal\/2021\/01\/05\/pablo-aranguiz-todavia-no-estoy-en-el-nivel-que-se-espera-de-mi\/","title":{"rendered":"Pablo Ar\u00e1nguiz: \u201cTodav\u00eda no estoy en el nivel que se espera de m\u00ed\u201d"},"content":{"rendered":"\n<p>A un d\u00eda de que los azules reciban a O&#8217;Higgins en el Estadio Nacional, Pablo Ar\u00e1nguiz hablo en conferencia, adelantando este partido y tambi\u00e9n abordando su presente futbol\u00edstico<\/p>\n<p>El \u00ab22\u00bb azul se\u00f1al\u00f3 que luego de su lesi\u00f3n \u00abme he sentido bien con el pasar de los partidos me he sentido s\u00faper bien, cada vez me voy sintiendo m\u00e1s fresco,<strong>\u00a0s\u00e9 que todav\u00eda no estoy en el nivel que se espera de m\u00ed<\/strong>. Partido a partido tengo que tratar de ir mejorando, ir solt\u00e1ndome m\u00e1s y ganando confianza\u201d.<\/p>\n<p>Sobre el limbo que vive la \u00abU\u00bb en puestos de clasificaci\u00f3n a torneos internacionales, pero peligrando en la ponderada. Ar\u00e1nguiz fue claro. \u00abEstamos conscientes que la ponderada estamos ah\u00ed, en la de este a\u00f1o estamos bien posicionados. Esperamos que el triunfo sea un golpe an\u00edmico para notros y poder pensar mas en la parte alta que la baja\u00bb, se\u00f1al\u00f3.<\/p>\n<h2>Otras declaraciones<\/h2>\n<p><strong>O&#8217;Higgins<\/strong>: \u00abEs un equipo que viene en alza, que var\u00eda bastante sus jugadores. Ahora tienen dos bajas importantes y nosotros jugamos hace unos d\u00edas y hemos tenido poquitos minutos de preparaci\u00f3n para el partido de ma\u00f1ana, pero a\u00fan as\u00ed el profe nos ha mostrado video por donde podemos hacer da\u00f1o\u00bb.<\/p>\n<p><strong>Lenis<\/strong>: \u00abEl profe nos pide bastante conexiones entre los da arriba, sabiendo que Lenis es bastante r\u00e1pido y habilidoso, es algo que trabajamos en la semana. Era el lado donde le pod\u00edamos hacer da\u00f1o a la U. de Conce y funcion\u00f3, le convirti\u00f3 dos goles. Es muy importante para nosotros, de mucha calidad y tenemos que sacarle el m\u00e1ximo provecho\u00bb.<\/p>\n<p><strong>Walter y su puesto<\/strong>: \u00abEsperemos que Walter se arrepienta, es un jugador important\u00edsimo para nosotros y la instituci\u00f3n. Ser\u00eda muy pronto en pensar un reemplazante, tenemos que aprovecharlo, pero si me siento capacitado para jugar ah\u00ed y asumir el rol de creador\u00bb.<\/p>\n<p><strong>Joe Abrigo<\/strong>: \u00abCon Joe tengo buena relaci\u00f3n, somos amigos hace muchos a\u00f1os, hemos crecido en el f\u00fatbol. En ese sentido salieron un par de noticias de que yo lo esperaba, yo no soy qui\u00e9n para decirle a un jugador que se venga, s\u00ed le puedo comentar c\u00f3mo se trabaja\u00bb.<\/p>\n<p><div class=\"youtube-embed\" data-video_id=\"lsy84QtbjFM\"><iframe loading=\"lazy\" title=\"[EN VIVO]\u00a0Pablo Ar\u00e1nguiz habla con la prensa en el CDA\" width=\"696\" height=\"392\" src=\"https:\/\/www.youtube.com\/embed\/lsy84QtbjFM?feature=oembed&#038;enablejsapi=1\" frameborder=\"0\" allow=\"accelerometer; autoplay; clipboard-write; encrypted-media; gyroscope; picture-in-picture\" allowfullscreen><\/iframe><\/div><\/p>\n<p>\u00a0<\/p>\n","protected":false},"excerpt":{"rendered":"<p>A un d\u00eda de que los azules reciban a O&#8217;Higgins en el Estadio Nacional, Pablo Ar\u00e1nguiz hablo en conferencia, adelantando este partido y tambi\u00e9n abordando su presente futbol\u00edstico El \u00ab22\u00bb azul se\u00f1al\u00f3 que luego de su lesi\u00f3n \u00abme he sentido bien con el pasar de los partidos me he sentido s\u00faper bien, cada vez me [&#8230;]<\/p>\n","protected":false},"author":21398,"featured_media":17609,"comment_status":"closed","ping_status":"open","sticky":false,"template":"","format":"standard","meta":{"footnotes":""},"categories":[18],"tags":[1510,294],"class_list":{"0":"post-17608","1":"post","2":"type-post","3":"status-publish","4":"format-standard","5":"has-post-thumbnail","7":"category-actualidad","8":"tag-pablo-aranguiz","9":"tag-u-de-chile"},"_links":{"self":[{"href":"http:\/\/www.rincondelbulla.cl\/portal\/wp-json\/wp\/v2\/posts\/17608","targetHints":{"allow":["GET"]}}],"collection":[{"href":"http:\/\/www.rincondelbulla.cl\/portal\/wp-json\/wp\/v2\/posts"}],"about":[{"href":"http:\/\/www.rincondelbulla.cl\/portal\/wp-json\/wp\/v2\/types\/post"}],"author":[{"embeddable":true,"href":"http:\/\/www.rincondelbulla.cl\/portal\/wp-json\/wp\/v2\/users\/21398"}],"replies":[{"embeddable":true,"href":"http:\/\/www.rincondelbulla.cl\/portal\/wp-json\/wp\/v2\/comments?post=17608"}],"version-history":[{"count":1,"href":"http:\/\/www.rincondelbulla.cl\/portal\/wp-json\/wp\/v2\/posts\/17608\/revisions"}],"predecessor-version":[{"id":17610,"href":"http:\/\/www.rincondelbulla.cl\/portal\/wp-json\/wp\/v2\/posts\/17608\/revisions\/17610"}],"wp:featuredmedia":[{"embeddable":true,"href":"http:\/\/www.rincondelbulla.cl\/portal\/wp-json\/wp\/v2\/media\/17609"}],"wp:attachment":[{"href":"http:\/\/www.rincondelbulla.cl\/portal\/wp-json\/wp\/v2\/media?parent=17608"}],"wp:term":[{"taxonomy":"category","embeddable":true,"href":"http:\/\/www.rincondelbulla.cl\/portal\/wp-json\/wp\/v2\/categories?post=17608"},{"taxonomy":"post_tag","embeddable":true,"href":"http:\/\/www.rincondelbulla.cl\/portal\/wp-json\/wp\/v2\/tags?post=17608"}],"curies":[{"name":"wp","href":"https:\/\/api.w.org\/{rel}","templated":true}]}}