{"id":17613,"date":"2021-01-08T15:30:02","date_gmt":"2021-01-08T18:30:02","guid":{"rendered":"http:\/\/www.rincondelbulla.cl\/portal\/?p=17613"},"modified":"2021-01-08T15:30:59","modified_gmt":"2021-01-08T18:30:59","slug":"joaquin-larrivey-se-mantiene-en-la-u-por-el-2021","status":"publish","type":"post","link":"http:\/\/www.rincondelbulla.cl\/portal\/2021\/01\/08\/joaquin-larrivey-se-mantiene-en-la-u-por-el-2021\/","title":{"rendered":"Joaqu\u00edn Larrivey se mantiene en la \u00abU\u00bb por el 2021"},"content":{"rendered":"\n<p>Una buena noticia llega para la \u00abU\u00bb\u00a0 en medio del complejo momento futbol\u00edstico: Joaqu\u00edn Larrivey se mantendr\u00e1 en el Centro Deportivo Azul por todo el 2021.<\/p>\n<p>Su renovaci\u00f3n se da de forma autom\u00e1tica luego que el argentino jugara el 70% de los minutos disputados por la Universidad de Chile y quer eran cl\u00e1usula de su contrato.<\/p>\n<p>La situaci\u00f3n fue confirmada por su representante Daniel Dos Reis a radio ADN, se\u00f1alando que el jugador se mantiene contento en el club y con el trato de la dirigencia.<\/p>\n<p>Junto a esto, Dos Reis asegur\u00f3 que buscar\u00e1 que el v\u00ednculo del hombre del los 17 goles se pueda extender por un a\u00f1o m\u00e1s.<\/p>\n<p>\u00a0<\/p>\n","protected":false},"excerpt":{"rendered":"<p>Una buena noticia llega para la \u00abU\u00bb\u00a0 en medio del complejo momento futbol\u00edstico: Joaqu\u00edn Larrivey se mantendr\u00e1 en el Centro Deportivo Azul por todo el 2021. Su renovaci\u00f3n se da de forma autom\u00e1tica luego que el argentino jugara el 70% de los minutos disputados por la Universidad de Chile y quer eran cl\u00e1usula de su [&#8230;]<\/p>\n","protected":false},"author":21398,"featured_media":17370,"comment_status":"closed","ping_status":"open","sticky":false,"template":"","format":"standard","meta":{"footnotes":""},"categories":[18],"tags":[1675],"class_list":{"0":"post-17613","1":"post","2":"type-post","3":"status-publish","4":"format-standard","5":"has-post-thumbnail","7":"category-actualidad","8":"tag-joaquin-larrivey"},"_links":{"self":[{"href":"http:\/\/www.rincondelbulla.cl\/portal\/wp-json\/wp\/v2\/posts\/17613","targetHints":{"allow":["GET"]}}],"collection":[{"href":"http:\/\/www.rincondelbulla.cl\/portal\/wp-json\/wp\/v2\/posts"}],"about":[{"href":"http:\/\/www.rincondelbulla.cl\/portal\/wp-json\/wp\/v2\/types\/post"}],"author":[{"embeddable":true,"href":"http:\/\/www.rincondelbulla.cl\/portal\/wp-json\/wp\/v2\/users\/21398"}],"replies":[{"embeddable":true,"href":"http:\/\/www.rincondelbulla.cl\/portal\/wp-json\/wp\/v2\/comments?post=17613"}],"version-history":[{"count":2,"href":"http:\/\/www.rincondelbulla.cl\/portal\/wp-json\/wp\/v2\/posts\/17613\/revisions"}],"predecessor-version":[{"id":17615,"href":"http:\/\/www.rincondelbulla.cl\/portal\/wp-json\/wp\/v2\/posts\/17613\/revisions\/17615"}],"wp:featuredmedia":[{"embeddable":true,"href":"http:\/\/www.rincondelbulla.cl\/portal\/wp-json\/wp\/v2\/media\/17370"}],"wp:attachment":[{"href":"http:\/\/www.rincondelbulla.cl\/portal\/wp-json\/wp\/v2\/media?parent=17613"}],"wp:term":[{"taxonomy":"category","embeddable":true,"href":"http:\/\/www.rincondelbulla.cl\/portal\/wp-json\/wp\/v2\/categories?post=17613"},{"taxonomy":"post_tag","embeddable":true,"href":"http:\/\/www.rincondelbulla.cl\/portal\/wp-json\/wp\/v2\/tags?post=17613"}],"curies":[{"name":"wp","href":"https:\/\/api.w.org\/{rel}","templated":true}]}}