{"id":17619,"date":"2021-01-12T13:30:00","date_gmt":"2021-01-12T16:30:00","guid":{"rendered":"http:\/\/www.rincondelbulla.cl\/portal\/?p=17619"},"modified":"2021-01-12T21:35:50","modified_gmt":"2021-01-13T00:35:50","slug":"espinoza-y-el-mal-momento-de-la-u-somos-muchos-mas-los-jugadores-que-debemos-asumir","status":"publish","type":"post","link":"http:\/\/www.rincondelbulla.cl\/portal\/2021\/01\/12\/espinoza-y-el-mal-momento-de-la-u-somos-muchos-mas-los-jugadores-que-debemos-asumir\/","title":{"rendered":"Espinoza y el mal momento de la \u00abU\u00bb: \u00abSomos muchos m\u00e1s los jugadores que debemos asumir\u00bb"},"content":{"rendered":"\n<p><em><strong>Por Nicol\u00e1s Quiero<\/strong><\/em><\/p>\n<p>Una dif\u00edcil y complicada semana tendr\u00e1 la Universidad de Chile, donde se enfrentar\u00e1 primeramente a Palestino el jueves a las 19:15 hrs. en pastos del Estadio Nacional, para luego visitar a Colo Colo en el Monumental.<\/p>\n<p>Con estos antecedentes fue el volante Gonzalo Espinoza quien sali\u00f3 a declarar esta ma\u00f1ana en el CDA, done primeramente habl\u00f3 de que los dirigidos de Sierra \u00abvienen con una seguidilla de partidos buenos y de buenos resultados. Sabemos que ser\u00e1 un partido dif\u00edcil, pero tendremos que estar muy concentrados y enfocados para llevarnos los tres puntos\u00bb.<\/p>\n<p>Sobre la necesidad de hombres con experiencia y l\u00edderes en cancha, el Bulldog coment\u00f3 que que \u201cno me siento un l\u00edder, pero s\u00ed un trabajador para lo que el equipo necesite. Si me toca estar en la banca tratar\u00e9 de ser una soluci\u00f3n. Obviamente que tengo confianza en mi capacidad y en el equipo\u00bb.<\/p>\n<p>As\u00ed tambi\u00e9n, le quit\u00f3 responsabilidad a Walter Montillo por el bajo nivel de la U (desde que el buque insignia anunci\u00f3 su retiro) se\u00f1alando que \u201cculpar a Montillo por su decisi\u00f3n no me parece, no es as\u00ed, es un tema muy personal de \u00e9l y somos muchos m\u00e1s los jugadores que debemos asumir\u00bb.<\/p>\n<p>La m\u00e1s pol\u00e9mica fue su declaraci\u00f3n al ser consultado sobre la posibilidad de dejarse perder en el partido con Deportes Iquique. \u00abSi fuera la \u00faltima fecha uno puede pensarlo, pero jugamos el 24 de enero y despu\u00e9s quedan cuatro partidos\u2026 No lo hemos hablado\u201d, finaliz\u00f3.<\/p>\n<p><div class=\"youtube-embed\" data-video_id=\"lbg3jFFI1LQ\"><iframe loading=\"lazy\" title=\"[EN VIVO] Gonzalo Espinoza habla con la prensa en el CDA\" width=\"696\" height=\"392\" src=\"https:\/\/www.youtube.com\/embed\/lbg3jFFI1LQ?start=3&#038;feature=oembed\" frameborder=\"0\" allow=\"accelerometer; autoplay; clipboard-write; encrypted-media; gyroscope; picture-in-picture\" allowfullscreen><\/iframe><\/div><\/p>\n","protected":false},"excerpt":{"rendered":"<p>Por Nicol\u00e1s Quiero Una dif\u00edcil y complicada semana tendr\u00e1 la Universidad de Chile, donde se enfrentar\u00e1 primeramente a Palestino el jueves a las 19:15 hrs. en pastos del Estadio Nacional, para luego visitar a Colo Colo en el Monumental. Con estos antecedentes fue el volante Gonzalo Espinoza quien sali\u00f3 a declarar esta ma\u00f1ana en el [&#8230;]<\/p>\n","protected":false},"author":21398,"featured_media":17620,"comment_status":"closed","ping_status":"open","sticky":false,"template":"","format":"standard","meta":{"footnotes":""},"categories":[18],"tags":[261,457,44],"class_list":{"0":"post-17619","1":"post","2":"type-post","3":"status-publish","4":"format-standard","5":"has-post-thumbnail","7":"category-actualidad","8":"tag-gonzalo-espinoza","9":"tag-palestino","10":"tag-superclasico"},"_links":{"self":[{"href":"http:\/\/www.rincondelbulla.cl\/portal\/wp-json\/wp\/v2\/posts\/17619","targetHints":{"allow":["GET"]}}],"collection":[{"href":"http:\/\/www.rincondelbulla.cl\/portal\/wp-json\/wp\/v2\/posts"}],"about":[{"href":"http:\/\/www.rincondelbulla.cl\/portal\/wp-json\/wp\/v2\/types\/post"}],"author":[{"embeddable":true,"href":"http:\/\/www.rincondelbulla.cl\/portal\/wp-json\/wp\/v2\/users\/21398"}],"replies":[{"embeddable":true,"href":"http:\/\/www.rincondelbulla.cl\/portal\/wp-json\/wp\/v2\/comments?post=17619"}],"version-history":[{"count":2,"href":"http:\/\/www.rincondelbulla.cl\/portal\/wp-json\/wp\/v2\/posts\/17619\/revisions"}],"predecessor-version":[{"id":17622,"href":"http:\/\/www.rincondelbulla.cl\/portal\/wp-json\/wp\/v2\/posts\/17619\/revisions\/17622"}],"wp:featuredmedia":[{"embeddable":true,"href":"http:\/\/www.rincondelbulla.cl\/portal\/wp-json\/wp\/v2\/media\/17620"}],"wp:attachment":[{"href":"http:\/\/www.rincondelbulla.cl\/portal\/wp-json\/wp\/v2\/media?parent=17619"}],"wp:term":[{"taxonomy":"category","embeddable":true,"href":"http:\/\/www.rincondelbulla.cl\/portal\/wp-json\/wp\/v2\/categories?post=17619"},{"taxonomy":"post_tag","embeddable":true,"href":"http:\/\/www.rincondelbulla.cl\/portal\/wp-json\/wp\/v2\/tags?post=17619"}],"curies":[{"name":"wp","href":"https:\/\/api.w.org\/{rel}","templated":true}]}}