{"id":17623,"date":"2021-01-12T22:13:56","date_gmt":"2021-01-13T01:13:56","guid":{"rendered":"http:\/\/www.rincondelbulla.cl\/portal\/?p=17623"},"modified":"2021-01-12T22:13:58","modified_gmt":"2021-01-13T01:13:58","slug":"johnny-y-el-superclasico-esta-es-la-oportunidad","status":"publish","type":"post","link":"http:\/\/www.rincondelbulla.cl\/portal\/2021\/01\/12\/johnny-y-el-superclasico-esta-es-la-oportunidad\/","title":{"rendered":"Johnny y el Supercl\u00e1sico: \u00abEsta es la oportunidad\u00bb"},"content":{"rendered":"\n<p>Johnny Herrera es sin duda una de las voces mas autorizadas para hablar de la \u00abU\u00bb, eso pese a que hoy sus guantes cubren el arco de Everton de Vi\u00f1a del Mar.<\/p>\n<p>En entrevista con el CDF, el ex capit\u00e1n azul no ocult\u00f3 su deseo de que la \u00abU\u00bb pueda triunfar en el pr\u00f3ximo Supercl\u00e1sico, y habl\u00f3 de una oportunidad inmejorable.<\/p>\n<p>\u00abLa oportunidad que tiene la U ahora, otra como esta va a ser dif\u00edcil. Hist\u00f3ricamente es el pero Colo Colo de los \u00faltimos a\u00f1os, por puntaje, lesionados y un sin fin. En Everton desaprovechamos una oportunidad importante, y los que somos hinchas de otros equipos equipos la dejamos pasar\u00bb, coment\u00f3.<\/p>\n<p>Por lo mismo dice que \u00absi pudiese mandar un mensaje a la gente de la U, es que \u00abesta es la oportunidad\u00bb, vimos muy descompuestos a Colo Colo, ganando 1-0 tirando pelotazos\u00bb.<\/p>\n<p>El jugador m\u00e1s ganador en la historia de la \u00abU\u00bb tambi\u00e9n tuvo palabras para lo que coment\u00f3 Caputto hace unos d\u00edas. \u00abMe parece pat\u00e9tico que salga hablando Caputto cuando fue uno de los t\u00e9cnicos con menos car\u00e1cter. Ni le\u00ed lo que dijo, pero seg\u00fan \u00e9l la \u00abU\u00bb hab\u00eda estado mejor. Cuando se fue \u00e9l la \u00abU\u00bb iba en franco descenso. Que salga a hablar ahora de verdad es pat\u00e9tico. Que no opine, le hace mejor a la \u00abU\u00bb.<\/p>\n<p>Para finalizar coment\u00f3 que de Dudamel no conoce mucho por lo que prefiere no opinar y que \u00abDios quiera que la U se mantenga en primera, que la directiva de una vez por todas haga las cosas bien, por favor\u00bb.\u00a0<\/p>\n<p>https:\/\/twitter.com\/CDF_cl\/status\/1349147474250919938<\/p>\n<p>\u00a0<\/p>\n","protected":false},"excerpt":{"rendered":"<p>Johnny Herrera es sin duda una de las voces mas autorizadas para hablar de la \u00abU\u00bb, eso pese a que hoy sus guantes cubren el arco de Everton de Vi\u00f1a del Mar. En entrevista con el CDF, el ex capit\u00e1n azul no ocult\u00f3 su deseo de que la \u00abU\u00bb pueda triunfar en el pr\u00f3ximo Supercl\u00e1sico, [&#8230;]<\/p>\n","protected":false},"author":21398,"featured_media":17624,"comment_status":"closed","ping_status":"open","sticky":false,"template":"","format":"standard","meta":{"footnotes":""},"categories":[18],"tags":[41,44],"class_list":{"0":"post-17623","1":"post","2":"type-post","3":"status-publish","4":"format-standard","5":"has-post-thumbnail","7":"category-actualidad","8":"tag-johnny-herrera","9":"tag-superclasico"},"_links":{"self":[{"href":"http:\/\/www.rincondelbulla.cl\/portal\/wp-json\/wp\/v2\/posts\/17623","targetHints":{"allow":["GET"]}}],"collection":[{"href":"http:\/\/www.rincondelbulla.cl\/portal\/wp-json\/wp\/v2\/posts"}],"about":[{"href":"http:\/\/www.rincondelbulla.cl\/portal\/wp-json\/wp\/v2\/types\/post"}],"author":[{"embeddable":true,"href":"http:\/\/www.rincondelbulla.cl\/portal\/wp-json\/wp\/v2\/users\/21398"}],"replies":[{"embeddable":true,"href":"http:\/\/www.rincondelbulla.cl\/portal\/wp-json\/wp\/v2\/comments?post=17623"}],"version-history":[{"count":1,"href":"http:\/\/www.rincondelbulla.cl\/portal\/wp-json\/wp\/v2\/posts\/17623\/revisions"}],"predecessor-version":[{"id":17625,"href":"http:\/\/www.rincondelbulla.cl\/portal\/wp-json\/wp\/v2\/posts\/17623\/revisions\/17625"}],"wp:featuredmedia":[{"embeddable":true,"href":"http:\/\/www.rincondelbulla.cl\/portal\/wp-json\/wp\/v2\/media\/17624"}],"wp:attachment":[{"href":"http:\/\/www.rincondelbulla.cl\/portal\/wp-json\/wp\/v2\/media?parent=17623"}],"wp:term":[{"taxonomy":"category","embeddable":true,"href":"http:\/\/www.rincondelbulla.cl\/portal\/wp-json\/wp\/v2\/categories?post=17623"},{"taxonomy":"post_tag","embeddable":true,"href":"http:\/\/www.rincondelbulla.cl\/portal\/wp-json\/wp\/v2\/tags?post=17623"}],"curies":[{"name":"wp","href":"https:\/\/api.w.org\/{rel}","templated":true}]}}