{"id":17626,"date":"2021-01-13T18:23:19","date_gmt":"2021-01-13T21:23:19","guid":{"rendered":"http:\/\/www.rincondelbulla.cl\/portal\/?p=17626"},"modified":"2021-01-13T18:23:21","modified_gmt":"2021-01-13T21:23:21","slug":"rodriguez-y-el-duelo-ante-palestino-es-muy-importante-por-lo-que-representa-en-las-dos-tablas","status":"publish","type":"post","link":"http:\/\/www.rincondelbulla.cl\/portal\/2021\/01\/13\/rodriguez-y-el-duelo-ante-palestino-es-muy-importante-por-lo-que-representa-en-las-dos-tablas\/","title":{"rendered":"Rodr\u00edguez y el duelo ante Palestino: \u00abEs muy importante por lo que representa en las dos tablas\u00bb"},"content":{"rendered":"\n<p>A un d\u00eda del duelo con Palestino, el que abre una important\u00edsima semana, fue Mat\u00edas Rodr\u00edguez quien sac\u00f3 la voz para analizar lo que se viene.<\/p>\n<p>\u00abVenimos de un resultado negativo, tenemos que preparar esta semana con dos partidos muy importantes, arrancando este jueves con Palestino. Sabemos que es muy importante por lo que representa en las dos tablas. Lamentablemente hay que mirarlo de esa forma\u00bb, dijo el defensa m\u00e1s goleador en la historia de la \u00abU\u00bb.<\/p>\n<p>Eso si, dijo estar \u00abseguro de que haremos un gran partido para llegar de la mejor manera para el domingo. La gente lo est\u00e1 esperando, el plantel est\u00e1 muy convencido y much\u00edsimas ganas. Sabemos lo que significa jugar eta clase de partidos con el apoyo de la gente en casa\u00bb.<\/p>\n<p>Sobre la idea de juego, el Mati se\u00f1al\u00f3 \u00abestar convencido de lo que el t\u00e9cnico nos transmite y lo que pretende para jugar, tenemos que estar convencidos, sino no se logran las cosas. Tengo esperanza de que vamos a lograr buenos resultados, porque creo que es el momento. Tengo fe en mis compa\u00f1eros de que haremos las cosas bien\u00bb.<\/p>\n<p>Los azules chocan con Palestino ma\u00f1ana a las 19.15 horas, transmisi\u00f3n por Facebook Live de Rincondelbulla, donde seg\u00fan Rodr\u00edguez ellos \u00abvienen bien, sumando puntos. Sabemos que tienen grandes jugadores que marcan diferencias\u00bb.<\/p>\n<p>Para finalizar, tuvo algunas palabra sobre lo que ser\u00e1 el Supercl\u00e1sico. \u00abColo Colo sabemos que no viene en su mejor momento, y por eso tenemos que aprovechar esta situaci\u00f3n y tratar de revertir esta racha negativa, son partidos que te marcan y quedan en la historia cuando consigues los resultados\u00bb, sentenci\u00f3.<\/p>\n<p>\u00a0<\/p>\n","protected":false},"excerpt":{"rendered":"<p>A un d\u00eda del duelo con Palestino, el que abre una important\u00edsima semana, fue Mat\u00edas Rodr\u00edguez quien sac\u00f3 la voz para analizar lo que se viene. \u00abVenimos de un resultado negativo, tenemos que preparar esta semana con dos partidos muy importantes, arrancando este jueves con Palestino. Sabemos que es muy importante por lo que representa [&#8230;]<\/p>\n","protected":false},"author":21398,"featured_media":17627,"comment_status":"closed","ping_status":"open","sticky":false,"template":"","format":"standard","meta":{"footnotes":""},"categories":[18],"tags":[65,457,44],"class_list":{"0":"post-17626","1":"post","2":"type-post","3":"status-publish","4":"format-standard","5":"has-post-thumbnail","7":"category-actualidad","8":"tag-matias-rodriguez","9":"tag-palestino","10":"tag-superclasico"},"_links":{"self":[{"href":"http:\/\/www.rincondelbulla.cl\/portal\/wp-json\/wp\/v2\/posts\/17626","targetHints":{"allow":["GET"]}}],"collection":[{"href":"http:\/\/www.rincondelbulla.cl\/portal\/wp-json\/wp\/v2\/posts"}],"about":[{"href":"http:\/\/www.rincondelbulla.cl\/portal\/wp-json\/wp\/v2\/types\/post"}],"author":[{"embeddable":true,"href":"http:\/\/www.rincondelbulla.cl\/portal\/wp-json\/wp\/v2\/users\/21398"}],"replies":[{"embeddable":true,"href":"http:\/\/www.rincondelbulla.cl\/portal\/wp-json\/wp\/v2\/comments?post=17626"}],"version-history":[{"count":1,"href":"http:\/\/www.rincondelbulla.cl\/portal\/wp-json\/wp\/v2\/posts\/17626\/revisions"}],"predecessor-version":[{"id":17628,"href":"http:\/\/www.rincondelbulla.cl\/portal\/wp-json\/wp\/v2\/posts\/17626\/revisions\/17628"}],"wp:featuredmedia":[{"embeddable":true,"href":"http:\/\/www.rincondelbulla.cl\/portal\/wp-json\/wp\/v2\/media\/17627"}],"wp:attachment":[{"href":"http:\/\/www.rincondelbulla.cl\/portal\/wp-json\/wp\/v2\/media?parent=17626"}],"wp:term":[{"taxonomy":"category","embeddable":true,"href":"http:\/\/www.rincondelbulla.cl\/portal\/wp-json\/wp\/v2\/categories?post=17626"},{"taxonomy":"post_tag","embeddable":true,"href":"http:\/\/www.rincondelbulla.cl\/portal\/wp-json\/wp\/v2\/tags?post=17626"}],"curies":[{"name":"wp","href":"https:\/\/api.w.org\/{rel}","templated":true}]}}