{"id":17677,"date":"2021-02-15T16:43:19","date_gmt":"2021-02-15T19:43:19","guid":{"rendered":"http:\/\/www.rincondelbulla.cl\/portal\/?p=17677"},"modified":"2021-02-15T16:43:21","modified_gmt":"2021-02-15T19:43:21","slug":"la-u-inicia-su-semana-de-vacaciones-de-cara-al-torneo-y-la-libertadores","status":"publish","type":"post","link":"http:\/\/www.rincondelbulla.cl\/portal\/2021\/02\/15\/la-u-inicia-su-semana-de-vacaciones-de-cara-al-torneo-y-la-libertadores\/","title":{"rendered":"La \u00abU\u00bb inicia su semana de vacaciones de cara al torneo y la Libertadores"},"content":{"rendered":"\n<p>Luego de quedar terceros en el Torneo Nacional, clasificar a Copa Libertadores y salvarse en el \u00faltimo partido del partido de promoci\u00f3n, la Universidad de Chile al fin respira tranquila.<\/p>\n<p>Es por esto que en esta jornada el plantel azul inici\u00f3 sus vacaciones, las que ser\u00e1n mucho m\u00e1s corta de lo habitual, eso debido al calendario 2021.<\/p>\n<p>La \u00abU\u00bb solo tendr\u00e1 una semana de vacaciones, por lo que el pr\u00f3ximo lunes 22 de febrero deber\u00e1 estar en el CDA entrenando para lo que ser\u00e1 este 2021.<\/p>\n<p>En tanto, tanto cuerpo t\u00e9cnico como dirigencia no tiene tiempo para descansos y trabaja en la conformaci\u00f3n del plantel que deber\u00e1 encarar torneo nacional e internacional.<\/p>\n","protected":false},"excerpt":{"rendered":"<p>Luego de quedar terceros en el Torneo Nacional, clasificar a Copa Libertadores y salvarse en el \u00faltimo partido del partido de promoci\u00f3n, la Universidad de Chile al fin respira tranquila. Es por esto que en esta jornada el plantel azul inici\u00f3 sus vacaciones, las que ser\u00e1n mucho m\u00e1s corta de lo habitual, eso debido al [&#8230;]<\/p>\n","protected":false},"author":65,"featured_media":17678,"comment_status":"closed","ping_status":"open","sticky":false,"template":"","format":"standard","meta":{"footnotes":""},"categories":[18],"tags":[294,742],"class_list":{"0":"post-17677","1":"post","2":"type-post","3":"status-publish","4":"format-standard","5":"has-post-thumbnail","7":"category-actualidad","8":"tag-u-de-chile","9":"tag-vacaciones"},"_links":{"self":[{"href":"http:\/\/www.rincondelbulla.cl\/portal\/wp-json\/wp\/v2\/posts\/17677","targetHints":{"allow":["GET"]}}],"collection":[{"href":"http:\/\/www.rincondelbulla.cl\/portal\/wp-json\/wp\/v2\/posts"}],"about":[{"href":"http:\/\/www.rincondelbulla.cl\/portal\/wp-json\/wp\/v2\/types\/post"}],"author":[{"embeddable":true,"href":"http:\/\/www.rincondelbulla.cl\/portal\/wp-json\/wp\/v2\/users\/65"}],"replies":[{"embeddable":true,"href":"http:\/\/www.rincondelbulla.cl\/portal\/wp-json\/wp\/v2\/comments?post=17677"}],"version-history":[{"count":1,"href":"http:\/\/www.rincondelbulla.cl\/portal\/wp-json\/wp\/v2\/posts\/17677\/revisions"}],"predecessor-version":[{"id":17679,"href":"http:\/\/www.rincondelbulla.cl\/portal\/wp-json\/wp\/v2\/posts\/17677\/revisions\/17679"}],"wp:featuredmedia":[{"embeddable":true,"href":"http:\/\/www.rincondelbulla.cl\/portal\/wp-json\/wp\/v2\/media\/17678"}],"wp:attachment":[{"href":"http:\/\/www.rincondelbulla.cl\/portal\/wp-json\/wp\/v2\/media?parent=17677"}],"wp:term":[{"taxonomy":"category","embeddable":true,"href":"http:\/\/www.rincondelbulla.cl\/portal\/wp-json\/wp\/v2\/categories?post=17677"},{"taxonomy":"post_tag","embeddable":true,"href":"http:\/\/www.rincondelbulla.cl\/portal\/wp-json\/wp\/v2\/tags?post=17677"}],"curies":[{"name":"wp","href":"https:\/\/api.w.org\/{rel}","templated":true}]}}