{"id":17690,"date":"2021-02-23T17:10:15","date_gmt":"2021-02-23T20:10:15","guid":{"rendered":"http:\/\/www.rincondelbulla.cl\/portal\/?p=17690"},"modified":"2021-02-26T18:19:56","modified_gmt":"2021-02-26T21:19:56","slug":"marcelo-canete-llego-a-la-u-en-un-momento-muy-bueno-de-mi-carrera","status":"publish","type":"post","link":"http:\/\/www.rincondelbulla.cl\/portal\/2021\/02\/23\/marcelo-canete-llego-a-la-u-en-un-momento-muy-bueno-de-mi-carrera\/","title":{"rendered":"Marcelo Ca\u00f1ete: \u00abLlego a la &#8216;U&#8217; en un momento muy bueno de mi carrera\u00bb"},"content":{"rendered":"\n<p>Fue la joya del torneo 2020, y sin duda con el que todos quer\u00edan contar para esta temporada. Afortunadamente, Marcelo Ca\u00f1ete arrib\u00f3 a la \u00abU\u00bb.<\/p>\n<p>Hoy en su presentaci\u00f3n oficial coment\u00f3 que \u00abdesde que exist\u00eda la posibilidad de venir a la &#8216;U&#8217; las expectativas eran muy grandes. Uno trabaja para que te pasen cosas buenas. Hoy llegar a la \u00abU\u00bb es un desaf\u00edo muy grande, estoy muy ansioso de poder entrar al campo y competir.\u00bb<\/p>\n<p>\u00abCuando existi\u00f3 la posibilidad de poder venir, demostraron bastante inter\u00e9s hacia mi persona y lo fuimos hablando durante varios meses. Se que exist\u00edan otras posibilidades pero quer\u00eda dar un paso tan importante como este, era lo que tanto esperaba, se demor\u00f3 un poquito pero gracias a dios estoy ac\u00e1 vistiendo esta camiseta\u00bb, describi\u00f3 sobre la negociaci\u00f3n que lo tiene con la 10 azul.<\/p>\n<p>El ex Cobresal sabe el buen torneo que realiz\u00f3, por lo que asegura que \u00abque llego a la \u00abU\u00bb en un momento muy bueno de mi carrera, donde me trac\u00e9 varios objetivos donde uno era volver a un equipo grande., y estoy ac\u00e1\u00bb.\u00a0<\/p>\n<p>Sobre la diferencia de ser el 10 de la \u00abU\u00bb en comparaci\u00f3n a su labor en otros clubes Ca\u00f1ete es claro. La mentalidad es la misma, la diferencia de clubes es importante, pero quiero seguir por el mismo camino. De buscar la mejor vers2i\u00f3n de todas y potenciar a mis compa\u00f1eros\u00bb, dic.<\/p>\n<p>Sobre sus objetivos, Marcelo\u00a0 ya cumpli\u00f3 con \u00abvolver a tener rodaje que lo tuve en Cobresal, un buen nivel y llegar a un equipo grande y ahora estoy ac\u00e1\u00bb, por lo que seg\u00fan sus palabras ahora se viene lo mejor. \u00abTen\u00eda mi meta de volver a competir por copa y vengo por buen camino en lo personal, y el primer desaf\u00edo es San Lorenzo, nos prepararemos de la mejor forma para llegara a ese partido y que no se nos escape nada\u00bb.<\/p>\n<p><div class=\"youtube-embed\" data-video_id=\"6hDK6_dRphA\"><iframe loading=\"lazy\" title=\"[EN VIVO] Presentaci\u00f3n de Marcelo Ca\u00f1ete y Ram\u00f3n Arias en el CDA\" width=\"696\" height=\"392\" src=\"https:\/\/www.youtube.com\/embed\/6hDK6_dRphA?start=297&#038;feature=oembed\" frameborder=\"0\" allow=\"accelerometer; autoplay; clipboard-write; encrypted-media; gyroscope; picture-in-picture\" allowfullscreen><\/iframe><\/div><\/p>\n<p>\u00a0<\/p>\n<p>\u00a0<\/p>\n<p>\u00a0<\/p>\n<p>\u00a0<\/p>\n<p>\u00a0<\/p>\n<p>\u00a0<\/p>\n<p>\u00a0<\/p>\n<p>\u00a0<\/p>\n","protected":false},"excerpt":{"rendered":"<p>Fue la joya del torneo 2020, y sin duda con el que todos quer\u00edan contar para esta temporada. Afortunadamente, Marcelo Ca\u00f1ete arrib\u00f3 a la \u00abU\u00bb. Hoy en su presentaci\u00f3n oficial coment\u00f3 que \u00abdesde que exist\u00eda la posibilidad de venir a la &#8216;U&#8217; las expectativas eran muy grandes. Uno trabaja para que te pasen cosas buenas. [&#8230;]<\/p>\n","protected":false},"author":65,"featured_media":17705,"comment_status":"closed","ping_status":"open","sticky":false,"template":"","format":"standard","meta":{"footnotes":""},"categories":[18],"tags":[1681,777,294],"class_list":{"0":"post-17690","1":"post","2":"type-post","3":"status-publish","4":"format-standard","5":"has-post-thumbnail","7":"category-actualidad","8":"tag-marcelo-canete","9":"tag-refuerzo","10":"tag-u-de-chile"},"_links":{"self":[{"href":"http:\/\/www.rincondelbulla.cl\/portal\/wp-json\/wp\/v2\/posts\/17690","targetHints":{"allow":["GET"]}}],"collection":[{"href":"http:\/\/www.rincondelbulla.cl\/portal\/wp-json\/wp\/v2\/posts"}],"about":[{"href":"http:\/\/www.rincondelbulla.cl\/portal\/wp-json\/wp\/v2\/types\/post"}],"author":[{"embeddable":true,"href":"http:\/\/www.rincondelbulla.cl\/portal\/wp-json\/wp\/v2\/users\/65"}],"replies":[{"embeddable":true,"href":"http:\/\/www.rincondelbulla.cl\/portal\/wp-json\/wp\/v2\/comments?post=17690"}],"version-history":[{"count":1,"href":"http:\/\/www.rincondelbulla.cl\/portal\/wp-json\/wp\/v2\/posts\/17690\/revisions"}],"predecessor-version":[{"id":17694,"href":"http:\/\/www.rincondelbulla.cl\/portal\/wp-json\/wp\/v2\/posts\/17690\/revisions\/17694"}],"wp:featuredmedia":[{"embeddable":true,"href":"http:\/\/www.rincondelbulla.cl\/portal\/wp-json\/wp\/v2\/media\/17705"}],"wp:attachment":[{"href":"http:\/\/www.rincondelbulla.cl\/portal\/wp-json\/wp\/v2\/media?parent=17690"}],"wp:term":[{"taxonomy":"category","embeddable":true,"href":"http:\/\/www.rincondelbulla.cl\/portal\/wp-json\/wp\/v2\/categories?post=17690"},{"taxonomy":"post_tag","embeddable":true,"href":"http:\/\/www.rincondelbulla.cl\/portal\/wp-json\/wp\/v2\/tags?post=17690"}],"curies":[{"name":"wp","href":"https:\/\/api.w.org\/{rel}","templated":true}]}}