{"id":17695,"date":"2021-02-23T23:06:15","date_gmt":"2021-02-24T02:06:15","guid":{"rendered":"http:\/\/www.rincondelbulla.cl\/portal\/?p=17695"},"modified":"2021-02-23T23:06:17","modified_gmt":"2021-02-24T02:06:17","slug":"luis-jimenez-no-llegara-a-la-u","status":"publish","type":"post","link":"http:\/\/www.rincondelbulla.cl\/portal\/2021\/02\/23\/luis-jimenez-no-llegara-a-la-u\/","title":{"rendered":"Luis Jim\u00e9nez no llegar\u00e1 a la \u00abU\u00bb"},"content":{"rendered":"\n<p>La opci\u00f3n de que Luis Jim\u00e9nez llegar\u00e1 a la \u00abU\u00bb ten\u00eda a muchos bastante entusiasmados, es que las ganas del jugador, adem\u00e1s del buen a\u00f1o que tuvo hac\u00edan una combinaci\u00f3n perfecta.<\/p>\n<p>Pero pese a que muchas informaciones dec\u00edan que Azul Azul har\u00eda un esfuerzo econ\u00f3mico, el \u00abMago\u00bb sali\u00f3 a aclarar esta situaci\u00f3n.<\/p>\n<p>\u00abNo tengo la necesidad de convencer a nadie, estoy bien f\u00edsicamente, me siento pleno, me divierto jugando y disfruto de cada partido siempre esforz\u00e1ndome al m\u00e1ximo. Trabajo duro para estar en buenas condiciones y poder ser un aporte para mi equipo\u00bb, se\u00f1al\u00f3.<\/p>\n<p>El 10 del Tino, fue mucho m\u00e1s claro: \u00abQuiero aclarar que tengo contrato hasta diciembre del 2021 sin cl\u00e1usula de salida por ende CUALQUIER CLUB QUE QUIERA CONTAR CONMIGO DEBER\u00cdA COMUNICARSE CON PALESTINO COSA QUE AL MOMENTO NO HA SUCEDIDO, NADIE HA HABLADO CON PALESTINO, CREO POCO PRUDENTE QUE SEA YO QUIEN ROMPA MI CONTRATO O ARREGLE UNA SALIDA, LO QUE UNO ESPERA EN ESTAS SITUACIONES ES SENTIRSE VALORADO\u00bb.<\/p>\n<p>Adem\u00e1s, toc\u00f3 el tema del sueldo, el que descart\u00f3 que fuese algo importante. \u00abY en cuanto al sueldo porque han habido muchos rumores yo jam\u00e1s ped\u00ed m\u00e1s de lo que gano en Palestino, no estoy en Chile para ganar dinero\u00bb, dijo.<br \/><br \/>Para finalizar, Jim\u00e9nez aclar\u00f3 que terminar\u00e1 el 2021 en Palestino, junto con \u00abagradecer de coraz\u00f3n a todos los hinchas por el cari\u00f1o demostrado en las redes sociales en especial a los hinchas de la U los que me han llenado de mensajes incre\u00edbles, estoy seguro de que han sido los que han empujado para que yo haya sido una opci\u00f3n para el club\u00bb.<\/p>\n<blockquote class=\"instagram-media\" style=\"background: #FFF; border: 0; border-radius: 3px; box-shadow: 0 0 1px 0 rgba(0,0,0,0.5),0 1px 10px 0 rgba(0,0,0,0.15); margin: 1px; max-width: 540px; min-width: 326px; padding: 0; width: calc(100% - 2px);\" data-instgrm-captioned=\"\" data-instgrm-permalink=\"https:\/\/www.instagram.com\/p\/CLqDDtkFlQL\/?utm_source=ig_embed&amp;utm_campaign=loading\" data-instgrm-version=\"13\">\n<div style=\"padding: 16px;\">\n<div style=\"display: flex; flex-direction: row; align-items: center;\">\n<div style=\"background-color: #f4f4f4; border-radius: 50%; flex-grow: 0; height: 40px; margin-right: 14px; width: 40px;\">\u00a0<\/div>\n<div style=\"display: flex; flex-direction: column; flex-grow: 1; justify-content: center;\">\n<div style=\"background-color: #f4f4f4; border-radius: 4px; flex-grow: 0; height: 14px; margin-bottom: 6px; width: 100px;\">\u00a0<\/div>\n<div style=\"background-color: #f4f4f4; border-radius: 4px; flex-grow: 0; height: 14px; width: 60px;\">\u00a0<\/div>\n<\/div>\n<\/div>\n<div style=\"padding: 19% 0;\">\u00a0<\/div>\n<div style=\"display: block; height: 50px; margin: 0 auto 12px; width: 50px;\">\u00a0<\/div>\n<div style=\"padding-top: 8px;\">\n<div style=\"color: #3897f0; font-family: Arial,sans-serif; font-size: 14px; font-style: normal; font-weight: 550; line-height: 18px;\">Ver esta publicaci\u00f3n en Instagram<\/div>\n<\/div>\n<div style=\"padding: 12.5% 0;\">\u00a0<\/div>\n<div style=\"display: flex; flex-direction: row; margin-bottom: 14px; align-items: center;\">\n<div>\n<div style=\"background-color: #f4f4f4; border-radius: 50%; height: 12.5px; width: 12.5px; transform: translateX(0px) translateY(7px);\">\u00a0<\/div>\n<div style=\"background-color: #f4f4f4; height: 12.5px; transform: rotate(-45deg) translateX(3px) translateY(1px); width: 12.5px; flex-grow: 0; margin-right: 14px; margin-left: 2px;\">\u00a0<\/div>\n<div style=\"background-color: #f4f4f4; border-radius: 50%; height: 12.5px; width: 12.5px; transform: translateX(9px) translateY(-18px);\">\u00a0<\/div>\n<\/div>\n<div style=\"margin-left: 8px;\">\n<div style=\"background-color: #f4f4f4; border-radius: 50%; flex-grow: 0; height: 20px; width: 20px;\">\u00a0<\/div>\n<div style=\"width: 0; height: 0; border-top: 2px solid transparent; border-left: 6px solid #f4f4f4; border-bottom: 2px solid transparent; transform: translateX(16px) translateY(-4px) rotate(30deg);\">\u00a0<\/div>\n<\/div>\n<div style=\"margin-left: auto;\">\n<div style=\"width: 0px; border-top: 8px solid #F4F4F4; border-right: 8px solid transparent; transform: translateY(16px);\">\u00a0<\/div>\n<div style=\"background-color: #f4f4f4; flex-grow: 0; height: 12px; width: 16px; transform: translateY(-4px);\">\u00a0<\/div>\n<div style=\"width: 0; height: 0; border-top: 8px solid #F4F4F4; border-left: 8px solid transparent; transform: translateY(-4px) translateX(8px);\">\u00a0<\/div>\n<\/div>\n<\/div>\n<div style=\"display: flex; flex-direction: column; flex-grow: 1; justify-content: center; margin-bottom: 24px;\">\n<div style=\"background-color: #f4f4f4; border-radius: 4px; flex-grow: 0; height: 14px; margin-bottom: 6px; width: 224px;\">\u00a0<\/div>\n<div style=\"background-color: #f4f4f4; border-radius: 4px; flex-grow: 0; height: 14px; width: 144px;\">\u00a0<\/div>\n<\/div>\n<p style=\"color: #c9c8cd; font-family: Arial,sans-serif; font-size: 14px; line-height: 17px; margin-bottom: 0; margin-top: 8px; overflow: hidden; padding: 8px 0 7px; text-align: center; text-overflow: ellipsis; white-space: nowrap;\"><a style=\"color: #c9c8cd; font-family: Arial,sans-serif; font-size: 14px; font-style: normal; font-weight: normal; line-height: 17px; text-decoration: none;\" href=\"https:\/\/www.instagram.com\/p\/CLqDDtkFlQL\/?utm_source=ig_embed&amp;utm_campaign=loading\" target=\"_blank\" rel=\"noopener\">Una publicaci\u00f3n compartida por Luis Jimenez (@luisjimenezok)<\/a><\/p>\n<\/div>\n<\/blockquote>\n<p><script async src=\"\/\/www.instagram.com\/embed.js\"><\/script><\/p>\n","protected":false},"excerpt":{"rendered":"<p>La opci\u00f3n de que Luis Jim\u00e9nez llegar\u00e1 a la \u00abU\u00bb ten\u00eda a muchos bastante entusiasmados, es que las ganas del jugador, adem\u00e1s del buen a\u00f1o que tuvo hac\u00edan una combinaci\u00f3n perfecta. Pero pese a que muchas informaciones dec\u00edan que Azul Azul har\u00eda un esfuerzo econ\u00f3mico, el \u00abMago\u00bb sali\u00f3 a aclarar esta situaci\u00f3n. \u00abNo tengo la [&#8230;]<\/p>\n","protected":false},"author":65,"featured_media":17696,"comment_status":"closed","ping_status":"open","sticky":false,"template":"","format":"standard","meta":{"footnotes":""},"categories":[18],"tags":[1684,1685,294],"class_list":{"0":"post-17695","1":"post","2":"type-post","3":"status-publish","4":"format-standard","5":"has-post-thumbnail","7":"category-actualidad","8":"tag-luis-jimenez","9":"tag-mago-jimenez","10":"tag-u-de-chile"},"_links":{"self":[{"href":"http:\/\/www.rincondelbulla.cl\/portal\/wp-json\/wp\/v2\/posts\/17695","targetHints":{"allow":["GET"]}}],"collection":[{"href":"http:\/\/www.rincondelbulla.cl\/portal\/wp-json\/wp\/v2\/posts"}],"about":[{"href":"http:\/\/www.rincondelbulla.cl\/portal\/wp-json\/wp\/v2\/types\/post"}],"author":[{"embeddable":true,"href":"http:\/\/www.rincondelbulla.cl\/portal\/wp-json\/wp\/v2\/users\/65"}],"replies":[{"embeddable":true,"href":"http:\/\/www.rincondelbulla.cl\/portal\/wp-json\/wp\/v2\/comments?post=17695"}],"version-history":[{"count":1,"href":"http:\/\/www.rincondelbulla.cl\/portal\/wp-json\/wp\/v2\/posts\/17695\/revisions"}],"predecessor-version":[{"id":17697,"href":"http:\/\/www.rincondelbulla.cl\/portal\/wp-json\/wp\/v2\/posts\/17695\/revisions\/17697"}],"wp:featuredmedia":[{"embeddable":true,"href":"http:\/\/www.rincondelbulla.cl\/portal\/wp-json\/wp\/v2\/media\/17696"}],"wp:attachment":[{"href":"http:\/\/www.rincondelbulla.cl\/portal\/wp-json\/wp\/v2\/media?parent=17695"}],"wp:term":[{"taxonomy":"category","embeddable":true,"href":"http:\/\/www.rincondelbulla.cl\/portal\/wp-json\/wp\/v2\/categories?post=17695"},{"taxonomy":"post_tag","embeddable":true,"href":"http:\/\/www.rincondelbulla.cl\/portal\/wp-json\/wp\/v2\/tags?post=17695"}],"curies":[{"name":"wp","href":"https:\/\/api.w.org\/{rel}","templated":true}]}}