{"id":17749,"date":"2021-03-29T16:49:06","date_gmt":"2021-03-29T19:49:06","guid":{"rendered":"http:\/\/www.rincondelbulla.cl\/portal\/?p=17749"},"modified":"2021-03-29T16:49:08","modified_gmt":"2021-03-29T19:49:08","slug":"desde-azul-azul-descartan-llegada-del-cimbi-cuevas","status":"publish","type":"post","link":"http:\/\/www.rincondelbulla.cl\/portal\/2021\/03\/29\/desde-azul-azul-descartan-llegada-del-cimbi-cuevas\/","title":{"rendered":"Desde Azul Azul descartan llegada del \u00abCimbi\u00bb Cuevas"},"content":{"rendered":"\n<p>El nombre de Cristi\u00e1n \u00abCimbi\u00bb Cuevas volvi\u00f3 a sonar en el CDA luego de un opaco paso con la camiseta azul. Pero esta posible vuelta solo quedar\u00eda en eso.<\/p>\n<p>Desde Azul Azul descartaron de plano que el actual jugador de Huachipato pueda llegar a reforzar la banda izquierda de los azules.<\/p>\n<p>\u201c<strong>Nosotros tenemos cerrado el plantel<\/strong>, y as\u00ed lo defini\u00f3 el comit\u00e9 de f\u00fatbol en el que se incluyen siete directores\u201c, se\u00f1al\u00f3 a <a href=\"https:\/\/www.adnradio.cl\/futbol\/2021\/03\/29\/desde-azul-azul-descartaron-la-opcion-de-cristian-cuevas-nosotros-tenemos-cerrado-el-plantel.html\"><strong>ADN<\/strong><\/a>, Ignacio Asenjo, gerente general de entidad que controla a la Universidad de Chile.<\/p>\n<p>El directivo inform\u00f3 que para la llegada del \u00abCimbi\u00bb \u00ab<strong>tendr\u00eda que salir alguno de nuestros jugadores actuales, y no tenemos ninguna oferta por ning\u00fan jugador que est\u00e9 hoy en el plantel\u201d<\/strong><\/p>\n<p>En esa misma l\u00ednea agrego que \u00ab<strong>nuestros directores deportivos no nos han informado que se est\u00e9 negociando con el jugador, y ning\u00fan otro director ni yo hemos recibido propuestas<\/strong> para que el jugador pueda venir. No es hoy d\u00eda una opci\u00f3n para nosotros\u201d.<\/p>\n<p>\u00a0<\/p>\n","protected":false},"excerpt":{"rendered":"<p>El nombre de Cristi\u00e1n \u00abCimbi\u00bb Cuevas volvi\u00f3 a sonar en el CDA luego de un opaco paso con la camiseta azul. Pero esta posible vuelta solo quedar\u00eda en eso. Desde Azul Azul descartaron de plano que el actual jugador de Huachipato pueda llegar a reforzar la banda izquierda de los azules. \u201cNosotros tenemos cerrado el [&#8230;]<\/p>\n","protected":false},"author":65,"featured_media":17750,"comment_status":"closed","ping_status":"open","sticky":false,"template":"","format":"standard","meta":{"footnotes":""},"categories":[18],"tags":[174,1699,294],"class_list":{"0":"post-17749","1":"post","2":"type-post","3":"status-publish","4":"format-standard","5":"has-post-thumbnail","7":"category-actualidad","8":"tag-azul-azul","9":"tag-cimbi-cuevas","10":"tag-u-de-chile"},"_links":{"self":[{"href":"http:\/\/www.rincondelbulla.cl\/portal\/wp-json\/wp\/v2\/posts\/17749","targetHints":{"allow":["GET"]}}],"collection":[{"href":"http:\/\/www.rincondelbulla.cl\/portal\/wp-json\/wp\/v2\/posts"}],"about":[{"href":"http:\/\/www.rincondelbulla.cl\/portal\/wp-json\/wp\/v2\/types\/post"}],"author":[{"embeddable":true,"href":"http:\/\/www.rincondelbulla.cl\/portal\/wp-json\/wp\/v2\/users\/65"}],"replies":[{"embeddable":true,"href":"http:\/\/www.rincondelbulla.cl\/portal\/wp-json\/wp\/v2\/comments?post=17749"}],"version-history":[{"count":1,"href":"http:\/\/www.rincondelbulla.cl\/portal\/wp-json\/wp\/v2\/posts\/17749\/revisions"}],"predecessor-version":[{"id":17751,"href":"http:\/\/www.rincondelbulla.cl\/portal\/wp-json\/wp\/v2\/posts\/17749\/revisions\/17751"}],"wp:featuredmedia":[{"embeddable":true,"href":"http:\/\/www.rincondelbulla.cl\/portal\/wp-json\/wp\/v2\/media\/17750"}],"wp:attachment":[{"href":"http:\/\/www.rincondelbulla.cl\/portal\/wp-json\/wp\/v2\/media?parent=17749"}],"wp:term":[{"taxonomy":"category","embeddable":true,"href":"http:\/\/www.rincondelbulla.cl\/portal\/wp-json\/wp\/v2\/categories?post=17749"},{"taxonomy":"post_tag","embeddable":true,"href":"http:\/\/www.rincondelbulla.cl\/portal\/wp-json\/wp\/v2\/tags?post=17749"}],"curies":[{"name":"wp","href":"https:\/\/api.w.org\/{rel}","templated":true}]}}