{"id":17762,"date":"2021-04-06T19:00:55","date_gmt":"2021-04-06T23:00:55","guid":{"rendered":"http:\/\/www.rincondelbulla.cl\/portal\/?p=17762"},"modified":"2021-04-06T19:05:15","modified_gmt":"2021-04-06T23:05:15","slug":"johnny-herrera-anuncio-su-retiro-del-futbol","status":"publish","type":"post","link":"http:\/\/www.rincondelbulla.cl\/portal\/2021\/04\/06\/johnny-herrera-anuncio-su-retiro-del-futbol\/","title":{"rendered":"Johnny Herrera anunci\u00f3 su retiro del f\u00fatbol"},"content":{"rendered":"\n<p>El jugador m\u00e1s ganador en la historia del club, anunci\u00f3 este martes su decisi\u00f3n de dejar la actividad profesional.<\/p>\n<p>A sus 39 a\u00f1os, en conversaci\u00f3n con la edici\u00f3n central de TNT Data Sports del canal que tiene los derechos del f\u00fatbol nacional, la leyenda Johnny Herrera anunci\u00f3 su adi\u00f3s del f\u00fatbol, dejando as\u00ed hu\u00e9rfana una parte de la historia de la Universidad de Chile.<\/p>\n<p>Con 497 partidos disputados, cinco goles y 13 t\u00edtulos a su haber (8 campeonatos nacionales, una Copa Sudamericana, tres Copa Chile y una Supercopa), el Samurai Azul se transform\u00f3 en el jugador m\u00e1s ganador vistiendo la camiseta azul con la \u201cU\u201d roja en el pecho. A estos suma otro t\u00edtulo nacional en 2008 con Everton de Vi\u00f1a del Mar, \u00faltima camiseta que visti\u00f3 en su carrera, y el bicampeonato de Am\u00e9rica con la selecci\u00f3n nacional en 2015 y 2016.<\/p>\n<p>En la entrevista, Herrera asegur\u00f3 que la decisi\u00f3n del retiro la ten\u00eda en su cabeza desde que dejo Universidad de Chile en 2019. \u201c<strong>Decid\u00ed seguir jugando porque mi vieja, que en paz descanse, me dijo que no le diera el gusto \u2018a estos weones de la U\u2019<\/strong>. Lo hice, me fui a Vi\u00f1a y fui feliz\u201d, asegur\u00f3 el portero.<\/p>\n<p>Reconoci\u00f3 adem\u00e1s que no fue f\u00e1cil dejar el f\u00fatbol. \u201cTuve muchos clubes para seguir. Habl\u00e9 con tres presidentes due\u00f1os, siempre pensaba que si segu\u00eda o no. Uno cuando deja la actividad dimensiona lo que consigui\u00f3\u201d, dijo Herrera, confesando que hasta este lunes mantuvo conversaciones con un club de Primera Divisi\u00f3n que no prosper\u00f3.<\/p>\n<p>Sobre sus proyectos futuros, el\u00a0<b>Samur\u00e1i confidenci\u00f3 que le gustar\u00eda dirigir en un futuro. Por lo pronto, se integrar\u00eda a las pantallas de TNT Sports<\/b> como comentarista en los pr\u00f3ximos d\u00edas.<\/p>\n","protected":false},"excerpt":{"rendered":"<p>El jugador m\u00e1s ganador en la historia del club, anunci\u00f3 este martes su decisi\u00f3n de dejar la actividad profesional. A sus 39 a\u00f1os, en conversaci\u00f3n con la edici\u00f3n central de TNT Data Sports del canal que tiene los derechos del f\u00fatbol nacional, la leyenda Johnny Herrera anunci\u00f3 su adi\u00f3s del f\u00fatbol, dejando as\u00ed hu\u00e9rfana una [&#8230;]<\/p>\n","protected":false},"author":21382,"featured_media":17763,"comment_status":"closed","ping_status":"open","sticky":false,"template":"","format":"standard","meta":{"footnotes":""},"categories":[18],"tags":[449,41,1109,294],"class_list":{"0":"post-17762","1":"post","2":"type-post","3":"status-publish","4":"format-standard","5":"has-post-thumbnail","7":"category-actualidad","8":"tag-futbol","9":"tag-johnny-herrera","10":"tag-retiro","11":"tag-u-de-chile"},"_links":{"self":[{"href":"http:\/\/www.rincondelbulla.cl\/portal\/wp-json\/wp\/v2\/posts\/17762","targetHints":{"allow":["GET"]}}],"collection":[{"href":"http:\/\/www.rincondelbulla.cl\/portal\/wp-json\/wp\/v2\/posts"}],"about":[{"href":"http:\/\/www.rincondelbulla.cl\/portal\/wp-json\/wp\/v2\/types\/post"}],"author":[{"embeddable":true,"href":"http:\/\/www.rincondelbulla.cl\/portal\/wp-json\/wp\/v2\/users\/21382"}],"replies":[{"embeddable":true,"href":"http:\/\/www.rincondelbulla.cl\/portal\/wp-json\/wp\/v2\/comments?post=17762"}],"version-history":[{"count":2,"href":"http:\/\/www.rincondelbulla.cl\/portal\/wp-json\/wp\/v2\/posts\/17762\/revisions"}],"predecessor-version":[{"id":17765,"href":"http:\/\/www.rincondelbulla.cl\/portal\/wp-json\/wp\/v2\/posts\/17762\/revisions\/17765"}],"wp:featuredmedia":[{"embeddable":true,"href":"http:\/\/www.rincondelbulla.cl\/portal\/wp-json\/wp\/v2\/media\/17763"}],"wp:attachment":[{"href":"http:\/\/www.rincondelbulla.cl\/portal\/wp-json\/wp\/v2\/media?parent=17762"}],"wp:term":[{"taxonomy":"category","embeddable":true,"href":"http:\/\/www.rincondelbulla.cl\/portal\/wp-json\/wp\/v2\/categories?post=17762"},{"taxonomy":"post_tag","embeddable":true,"href":"http:\/\/www.rincondelbulla.cl\/portal\/wp-json\/wp\/v2\/tags?post=17762"}],"curies":[{"name":"wp","href":"https:\/\/api.w.org\/{rel}","templated":true}]}}