{"id":17785,"date":"2021-04-09T13:04:28","date_gmt":"2021-04-09T17:04:28","guid":{"rendered":"http:\/\/www.rincondelbulla.cl\/portal\/?p=17785"},"modified":"2021-04-09T13:04:30","modified_gmt":"2021-04-09T17:04:30","slug":"gonzalo-espinoza-hablar-de-la-continuidad-del-profe-es-un-tema-de-resultados","status":"publish","type":"post","link":"http:\/\/www.rincondelbulla.cl\/portal\/2021\/04\/09\/gonzalo-espinoza-hablar-de-la-continuidad-del-profe-es-un-tema-de-resultados\/","title":{"rendered":"Gonzalo Espinoza: \u00abHablar de la continuidad del profe es un tema de resultados\u00bb"},"content":{"rendered":"\n<p>El juego de la \u00abU\u00bb, los contagios y ahora una reuni\u00f3n en cuarentena con jugadores. Bajo este contexto el presente de Rafael Dudamel es bastante complejo en la \u00abU\u00bb.<\/p>\n<p>Algo a lo que por su puesto repercute en el CDA, desde donde hoy Gonzalo Espinoza, en el d\u00eda de su cumplea\u00f1os, habl\u00f3 con la prensa.\u00a0<\/p>\n<p>\u00abEl profe como lo dijo ayer, reconoci\u00f3 un error y lo habl\u00f3 con nosotros, ac\u00e1 est\u00e1 todo tranquilo\u00bb, dice el Chalo, quien agrega que Dudamel \u00abfue bien claro, no queremos darle mas vuelta al asunto y<strong> como lo dijo \u00e9l, fue algo netamente de trabajo nunca hubo una mala intenci\u00f3n<\/strong> de querer pasar a llevar a alguien o alg\u00fan protocolo\u00bb.<\/p>\n<p>Al ser consultado por el juego de la \u00abU\u00bb, sumado a lo que ocurre fuera de la cancha y que desencadena en cr\u00edticas contra Dudamel, el volante fue bien claro. \u00ab<strong>Hay que tener un poco de paciencia, s\u00e9 que es dif\u00edcil<\/strong>, pero tengo la fe que con el trabajo que hacemos vamos a conseguir los resultados. <strong>Hablar de la continuidad o no del profe es un tema de resultados, si empezamos a ganar, esa visi\u00f3n que tienen va a cambiar.<\/strong> Nosotros vamos a hacer el trabajo para llevarnos el resultado en todos los partidos\u00bb, apunt\u00f3.<\/p>\n<p>Por lo mismo, Gonzalo habl\u00f3 sobre la constante rotaci\u00f3n t\u00e9cnica. \u00abSi nosotros pens\u00e1ramos en eso, estar\u00edamos muy equivocados, nosotros tenemos que pensar en el hoy, en el t\u00e9cnico que est\u00e1 con nosotros, en plasmar en cancha lo que nos explica en los entrenamientos. <strong>No creo que haya un jugador que est\u00e9 pensando que el t\u00e9cnico se va a ir<\/strong>, pensamos en jugar, querer mostrarse\u00bb, recalc\u00f3.<\/p>\n<h2><strong>Otros temas<\/strong><\/h2>\n<p><strong>F\u00edsico<\/strong>: \u00abHace poco tuvimos el tema de los contagios, antes del partido de Huachipato tuvimos una semana y media para preparar el primer partido del torneo, despu\u00e9s de que muchos estuvimos sin actividad. Se vio un equipo que se cans\u00f3 y es normal. No tenemos que volvernos locos por el empate del otro d\u00eda, el equipo apunta a ser protagonista a jugar en campo rival, es lo que el profe nos inculca\u00bb.\u00a0\u00a0<\/p>\n<p><strong>La Serena<\/strong>: \u00abSabemos que vienen con la confianza de haber ganado, es un rival dif\u00edcil, que manejan bien la pelota. Tenemos que contrarrestar eso, y mejorar al tener las l\u00edneas m\u00e1s cortas, ser protagonista del campo rival y mantener la presi\u00f3n ah\u00ed\u00bb.<\/p>\n<p><strong>Cr\u00edticas<\/strong>: \u00abLlevamos tanto tiempo escuchando cosas de afuera, que si uno se deja llevar lo que se habla afuera o de las criticas, los \u00fanicos perjudicados seriamos nosotros. Somos conscientes de la presiones que tenemos porque estamos jugando en la U y tenemos responsabilidad. Nos enfocamos solamente en querer rendir para que las cosas salgan bien y afuera se hablen cosas buenas. Hemos tratado de hacerlo los \u00faltimos a\u00f1os que tuvimos muchas presiones y supimos llevarlo, sacamos tareas dif\u00edciles adelante, no es f\u00e1cil est\u00e1 jugando con la prensa y la gente que te critique\u00bb.\u00a0<\/p>\n<p><div class=\"youtube-embed\" data-video_id=\"664Hi23rr74\"><iframe loading=\"lazy\" title=\"[EN VIVO]\u00a0Gonzalo Espinoza habla con la prensa en el CDA\" width=\"696\" height=\"392\" src=\"https:\/\/www.youtube.com\/embed\/664Hi23rr74?feature=oembed&#038;enablejsapi=1\" frameborder=\"0\" allow=\"accelerometer; autoplay; clipboard-write; encrypted-media; gyroscope; picture-in-picture\" allowfullscreen><\/iframe><\/div><\/p>\n<p>\u00a0<\/p>\n<p>\u00a0<\/p>\n<p>\u00a0<\/p>\n<p>\u00a0<\/p>\n<p>\u00a0<\/p>\n<p>\u00a0<\/p>\n<p>\u00a0<\/p>\n<p>\u00a0<\/p>\n<p>\u00a0<\/p>\n","protected":false},"excerpt":{"rendered":"<p>El juego de la \u00abU\u00bb, los contagios y ahora una reuni\u00f3n en cuarentena con jugadores. Bajo este contexto el presente de Rafael Dudamel es bastante complejo en la \u00abU\u00bb. Algo a lo que por su puesto repercute en el CDA, desde donde hoy Gonzalo Espinoza, en el d\u00eda de su cumplea\u00f1os, habl\u00f3 con la prensa.\u00a0 [&#8230;]<\/p>\n","protected":false},"author":65,"featured_media":17786,"comment_status":"closed","ping_status":"open","sticky":false,"template":"","format":"standard","meta":{"footnotes":""},"categories":[18],"tags":[1688,261,1667,294],"class_list":{"0":"post-17785","1":"post","2":"type-post","3":"status-publish","4":"format-standard","5":"has-post-thumbnail","7":"category-actualidad","8":"tag-coronavirus","9":"tag-gonzalo-espinoza","10":"tag-rafael-dudamel","11":"tag-u-de-chile"},"_links":{"self":[{"href":"http:\/\/www.rincondelbulla.cl\/portal\/wp-json\/wp\/v2\/posts\/17785","targetHints":{"allow":["GET"]}}],"collection":[{"href":"http:\/\/www.rincondelbulla.cl\/portal\/wp-json\/wp\/v2\/posts"}],"about":[{"href":"http:\/\/www.rincondelbulla.cl\/portal\/wp-json\/wp\/v2\/types\/post"}],"author":[{"embeddable":true,"href":"http:\/\/www.rincondelbulla.cl\/portal\/wp-json\/wp\/v2\/users\/65"}],"replies":[{"embeddable":true,"href":"http:\/\/www.rincondelbulla.cl\/portal\/wp-json\/wp\/v2\/comments?post=17785"}],"version-history":[{"count":1,"href":"http:\/\/www.rincondelbulla.cl\/portal\/wp-json\/wp\/v2\/posts\/17785\/revisions"}],"predecessor-version":[{"id":17787,"href":"http:\/\/www.rincondelbulla.cl\/portal\/wp-json\/wp\/v2\/posts\/17785\/revisions\/17787"}],"wp:featuredmedia":[{"embeddable":true,"href":"http:\/\/www.rincondelbulla.cl\/portal\/wp-json\/wp\/v2\/media\/17786"}],"wp:attachment":[{"href":"http:\/\/www.rincondelbulla.cl\/portal\/wp-json\/wp\/v2\/media?parent=17785"}],"wp:term":[{"taxonomy":"category","embeddable":true,"href":"http:\/\/www.rincondelbulla.cl\/portal\/wp-json\/wp\/v2\/categories?post=17785"},{"taxonomy":"post_tag","embeddable":true,"href":"http:\/\/www.rincondelbulla.cl\/portal\/wp-json\/wp\/v2\/tags?post=17785"}],"curies":[{"name":"wp","href":"https:\/\/api.w.org\/{rel}","templated":true}]}}