{"id":17788,"date":"2021-04-09T14:42:01","date_gmt":"2021-04-09T18:42:01","guid":{"rendered":"http:\/\/www.rincondelbulla.cl\/portal\/?p=17788"},"modified":"2021-04-09T15:11:27","modified_gmt":"2021-04-09T19:11:27","slug":"anfp-denunciara-a-la-u-al-tribunal-de-disciplina-por-reunion-de-dudamel","status":"publish","type":"post","link":"http:\/\/www.rincondelbulla.cl\/portal\/2021\/04\/09\/anfp-denunciara-a-la-u-al-tribunal-de-disciplina-por-reunion-de-dudamel\/","title":{"rendered":"ANFP denunciar\u00e1 a la \u00abU\u00bb al Tribunal de Disciplina por reuni\u00f3n de Dudamel"},"content":{"rendered":"\n<p>La reuni\u00f3n de Rafael Dudamel en su domicilio con el cuerpo t\u00e9cnico y cuatro jugadores comienza a traer coletazos.<\/p>\n<p>Hoy en reuni\u00f3n extraordinaria del directorio de la ANFP, se acord\u00f3 denunciar a la Universidad de Chile al Tribunal de Disciplina por esta junta en cuarentena que rompe los protocolos tanto del f\u00fatbol como nacionales.<\/p>\n<p>\u00abEl Directorio de la ANFP lamenta esta situaci\u00f3n que no va en la l\u00ednea con los protocolos establecidos por el f\u00fatbol chileno para enfrentar la pandemia\u00bb, se\u00f1alan en un comunicado.<\/p>\n<p>Tras darse a conocer la informaci\u00f3n, el director deportivo, Sergio Vargas, asumi\u00f3 que esto desembocar\u00e1 en una reuni\u00f3n del directorio azul.<\/p>\n<p>\u00abEs un tema que sin ning\u00fan lugar a dudas requiere una reuni\u00f3n del directorio para ver que acciones iremos tomando, porque nos perjudica institucionalmente. Dejar en claro que para mi no tiene que ver el tema deportivo con la desafectaci\u00f3n de Dudamel con relaci\u00f3n a este hecho\u00bb, se\u00f1al\u00f3 Vargas en ADN.<\/p>\n","protected":false},"excerpt":{"rendered":"<p>La reuni\u00f3n de Rafael Dudamel en su domicilio con el cuerpo t\u00e9cnico y cuatro jugadores comienza a traer coletazos. Hoy en reuni\u00f3n extraordinaria del directorio de la ANFP, se acord\u00f3 denunciar a la Universidad de Chile al Tribunal de Disciplina por esta junta en cuarentena que rompe los protocolos tanto del f\u00fatbol como nacionales. \u00abEl [&#8230;]<\/p>\n","protected":false},"author":65,"featured_media":17592,"comment_status":"closed","ping_status":"open","sticky":false,"template":"","format":"standard","meta":{"footnotes":""},"categories":[18],"tags":[385,1680,1667,698],"class_list":{"0":"post-17788","1":"post","2":"type-post","3":"status-publish","4":"format-standard","5":"has-post-thumbnail","7":"category-actualidad","8":"tag-anfp","9":"tag-dudamel","10":"tag-rafael-dudamel","11":"tag-reunion"},"_links":{"self":[{"href":"http:\/\/www.rincondelbulla.cl\/portal\/wp-json\/wp\/v2\/posts\/17788","targetHints":{"allow":["GET"]}}],"collection":[{"href":"http:\/\/www.rincondelbulla.cl\/portal\/wp-json\/wp\/v2\/posts"}],"about":[{"href":"http:\/\/www.rincondelbulla.cl\/portal\/wp-json\/wp\/v2\/types\/post"}],"author":[{"embeddable":true,"href":"http:\/\/www.rincondelbulla.cl\/portal\/wp-json\/wp\/v2\/users\/65"}],"replies":[{"embeddable":true,"href":"http:\/\/www.rincondelbulla.cl\/portal\/wp-json\/wp\/v2\/comments?post=17788"}],"version-history":[{"count":3,"href":"http:\/\/www.rincondelbulla.cl\/portal\/wp-json\/wp\/v2\/posts\/17788\/revisions"}],"predecessor-version":[{"id":17795,"href":"http:\/\/www.rincondelbulla.cl\/portal\/wp-json\/wp\/v2\/posts\/17788\/revisions\/17795"}],"wp:featuredmedia":[{"embeddable":true,"href":"http:\/\/www.rincondelbulla.cl\/portal\/wp-json\/wp\/v2\/media\/17592"}],"wp:attachment":[{"href":"http:\/\/www.rincondelbulla.cl\/portal\/wp-json\/wp\/v2\/media?parent=17788"}],"wp:term":[{"taxonomy":"category","embeddable":true,"href":"http:\/\/www.rincondelbulla.cl\/portal\/wp-json\/wp\/v2\/categories?post=17788"},{"taxonomy":"post_tag","embeddable":true,"href":"http:\/\/www.rincondelbulla.cl\/portal\/wp-json\/wp\/v2\/tags?post=17788"}],"curies":[{"name":"wp","href":"https:\/\/api.w.org\/{rel}","templated":true}]}}