{"id":17812,"date":"2021-04-12T15:01:24","date_gmt":"2021-04-12T19:01:24","guid":{"rendered":"http:\/\/www.rincondelbulla.cl\/portal\/?p=17812"},"modified":"2021-04-12T15:01:26","modified_gmt":"2021-04-12T19:01:26","slug":"canete-reconocio-participacion-en-reunion-de-dudamel-fue-por-un-asunto-de-trabajo","status":"publish","type":"post","link":"http:\/\/www.rincondelbulla.cl\/portal\/2021\/04\/12\/canete-reconocio-participacion-en-reunion-de-dudamel-fue-por-un-asunto-de-trabajo\/","title":{"rendered":"Ca\u00f1ete reconoci\u00f3 participaci\u00f3n en reuni\u00f3n de Dudamel: \u00abFue por un asunto de trabajo\u00bb"},"content":{"rendered":"\n<p>La reuni\u00f3n de Rafael Dudamel con jugadores y cuerpo t\u00e9cnico en su domicilio en plena cuarentena contin\u00faa su historia.<\/p>\n<p>En conversaci\u00f3n con <a href=\"https:\/\/www.latercera.com\/el-deportivo\/noticia\/canete-admite-ser-uno-de-los-invitados-a-la-casa-de-dudamel-en-cuarentena-no-lo-veo-tan-mal-fuimos-por-comodidad-y-a-trabajar\/2LT6HTE7FRHRTGNVUM23BNJGLE\/\">La Tercera<\/a>, Marcelo Ca\u00f1ete reconoci\u00f3 haber sido parte de esta cita. \u00ab<strong>S\u00ed, particip\u00e9. Fue asunto de trabajo, fue breve<\/strong>\u00ab, asegura.<\/p>\n<p>El \u00ab10\u00bb reconoce que esta junta fue \u00abcon todos los resguardos, con todo. Pero como es la U, sale todo. Se filtran muchas cosas que no son verdades. Ahora eso duele. Hay que saber convivir con eso\u00bb.<\/p>\n<p>\u00ab<strong>No lo veo tan mal porque nos podr\u00edamos haber juntado en el CDA y es lo mismo. Por comodidad fuimos a la propiedad del entrenador. Pero fue por un asunto de trabajo.<\/strong> Te das cuenta de lo que pasa en los clubes grandes y hay que tener m\u00e1s cautela\u00bb, agreg\u00f3 Ca\u00f1ete.<\/p>\n<p>Sobre un posible relajo en los protocolos tras los contagios y esta reuni\u00f3n, Ca\u00f1ete lo descarta. \u00abSiempre mantuvimos. No es f\u00e1cil. <strong>Uno trata de prevenir en todo momento. El tema es que no sabes en qu\u00e9 momento te puede agarrar. Nosotros nos cuidamos<\/strong>, llegamos al club media hora antes, nos cambiamos, nos vamos a entrenar y nos vamos sin ducharnos a nuestras casas. Y lo seguimos haciendo. El tema es que uno no es ajeno. Como somos un plantel, entrenamos todos juntos y en alg\u00fan momento compartes roce, o algo.. Lamentablemente nos toc\u00f3 y nos perjudic\u00f3\u00bb, finaliz\u00f3.<\/p>\n","protected":false},"excerpt":{"rendered":"<p>La reuni\u00f3n de Rafael Dudamel con jugadores y cuerpo t\u00e9cnico en su domicilio en plena cuarentena contin\u00faa su historia. En conversaci\u00f3n con La Tercera, Marcelo Ca\u00f1ete reconoci\u00f3 haber sido parte de esta cita. \u00abS\u00ed, particip\u00e9. Fue asunto de trabajo, fue breve\u00ab, asegura. El \u00ab10\u00bb reconoce que esta junta fue \u00abcon todos los resguardos, con todo. [&#8230;]<\/p>\n","protected":false},"author":65,"featured_media":17813,"comment_status":"closed","ping_status":"open","sticky":false,"template":"","format":"standard","meta":{"footnotes":""},"categories":[18],"tags":[1688,1681,1667,698,1709],"class_list":{"0":"post-17812","1":"post","2":"type-post","3":"status-publish","4":"format-standard","5":"has-post-thumbnail","7":"category-actualidad","8":"tag-coronavirus","9":"tag-marcelo-canete","10":"tag-rafael-dudamel","11":"tag-reunion","12":"tag-seremi-salud"},"_links":{"self":[{"href":"http:\/\/www.rincondelbulla.cl\/portal\/wp-json\/wp\/v2\/posts\/17812","targetHints":{"allow":["GET"]}}],"collection":[{"href":"http:\/\/www.rincondelbulla.cl\/portal\/wp-json\/wp\/v2\/posts"}],"about":[{"href":"http:\/\/www.rincondelbulla.cl\/portal\/wp-json\/wp\/v2\/types\/post"}],"author":[{"embeddable":true,"href":"http:\/\/www.rincondelbulla.cl\/portal\/wp-json\/wp\/v2\/users\/65"}],"replies":[{"embeddable":true,"href":"http:\/\/www.rincondelbulla.cl\/portal\/wp-json\/wp\/v2\/comments?post=17812"}],"version-history":[{"count":1,"href":"http:\/\/www.rincondelbulla.cl\/portal\/wp-json\/wp\/v2\/posts\/17812\/revisions"}],"predecessor-version":[{"id":17814,"href":"http:\/\/www.rincondelbulla.cl\/portal\/wp-json\/wp\/v2\/posts\/17812\/revisions\/17814"}],"wp:featuredmedia":[{"embeddable":true,"href":"http:\/\/www.rincondelbulla.cl\/portal\/wp-json\/wp\/v2\/media\/17813"}],"wp:attachment":[{"href":"http:\/\/www.rincondelbulla.cl\/portal\/wp-json\/wp\/v2\/media?parent=17812"}],"wp:term":[{"taxonomy":"category","embeddable":true,"href":"http:\/\/www.rincondelbulla.cl\/portal\/wp-json\/wp\/v2\/categories?post=17812"},{"taxonomy":"post_tag","embeddable":true,"href":"http:\/\/www.rincondelbulla.cl\/portal\/wp-json\/wp\/v2\/tags?post=17812"}],"curies":[{"name":"wp","href":"https:\/\/api.w.org\/{rel}","templated":true}]}}