{"id":17912,"date":"2021-04-29T17:41:04","date_gmt":"2021-04-29T21:41:04","guid":{"rendered":"http:\/\/www.rincondelbulla.cl\/portal\/?p=17912"},"modified":"2021-04-29T17:41:06","modified_gmt":"2021-04-29T21:41:06","slug":"dirigencia-azul-no-esta-conforme-pero-respalda-a-dudamel-en-junta-de-accionistas","status":"publish","type":"post","link":"http:\/\/www.rincondelbulla.cl\/portal\/2021\/04\/29\/dirigencia-azul-no-esta-conforme-pero-respalda-a-dudamel-en-junta-de-accionistas\/","title":{"rendered":"Dirigencia azul no est\u00e1 conforme pero respalda a Dudamel en Junta de Accionistas"},"content":{"rendered":"\n<p>Hoy se realiz\u00f3 una nueva Junta Anual de Accionistas de Azul Azul, empresa que debi\u00f3 dar cuenta de los estados financieros, deportivos y de gesti\u00f3n del a\u00f1o 2020.<\/p>\n<p>Seg\u00fan indican desde la \u00abU\u00bb la reuni\u00f3n cont\u00f3 con la participaci\u00f3n de un 92,12% del capital accionario y fue comandada por el\u00a0Presidente, <strong>Cristi\u00e1n Aubert<\/strong>; el Gerente General,\u00a0<strong>Ignacio Asenjo<\/strong>; y el abogado de la instituci\u00f3n,\u00a0<strong>Jos\u00e9 Joaqu\u00edn Laso.<\/strong><\/p>\n<p>En esta reuni\u00f3n se aprob\u00f3 el balance y tambi\u00e9n el protocolo de Prevenci\u00f3n de Acoso y Abuso Sexual en el deporte. Aunque tambi\u00e9n fue espacio para que accionistas pudiesen plantear preguntas y que fueran respondidas por la directiva.<\/p>\n<p>En ese espacio muchos de los cuestionamientos apuntaron al t\u00e9cnico Rafael Dudamel y tambi\u00e9n a la compra del paquete accionario de Carlos Heller.<\/p>\n<p><strong>Sobre el t\u00e9cnico, la dirigencia revel\u00f3 que no est\u00e1 conforme pero que respalda el trabajo del venezolano. Lo anterior basado en que el torneo reci\u00e9n comienza, los efectos del Covid en los jugadores y la conformaci\u00f3n del plantel.<\/strong><\/p>\n<p>Sobre los compradores indicaron desconocer a los oferentes detr\u00e1s de esto y que todo a\u00fan est\u00e1 en etapa de oferta.\u00a0<\/p>\n<p>\u00a0<\/p>\n","protected":false},"excerpt":{"rendered":"<p>Hoy se realiz\u00f3 una nueva Junta Anual de Accionistas de Azul Azul, empresa que debi\u00f3 dar cuenta de los estados financieros, deportivos y de gesti\u00f3n del a\u00f1o 2020. Seg\u00fan indican desde la \u00abU\u00bb la reuni\u00f3n cont\u00f3 con la participaci\u00f3n de un 92,12% del capital accionario y fue comandada por el\u00a0Presidente, Cristi\u00e1n Aubert; el Gerente General,\u00a0Ignacio [&#8230;]<\/p>\n","protected":false},"author":65,"featured_media":17913,"comment_status":"closed","ping_status":"open","sticky":false,"template":"","format":"standard","meta":{"footnotes":""},"categories":[18],"tags":[1725,174,294],"class_list":{"0":"post-17912","1":"post","2":"type-post","3":"status-publish","4":"format-standard","5":"has-post-thumbnail","7":"category-actualidad","8":"tag-accionistas","9":"tag-azul-azul","10":"tag-u-de-chile"},"_links":{"self":[{"href":"http:\/\/www.rincondelbulla.cl\/portal\/wp-json\/wp\/v2\/posts\/17912","targetHints":{"allow":["GET"]}}],"collection":[{"href":"http:\/\/www.rincondelbulla.cl\/portal\/wp-json\/wp\/v2\/posts"}],"about":[{"href":"http:\/\/www.rincondelbulla.cl\/portal\/wp-json\/wp\/v2\/types\/post"}],"author":[{"embeddable":true,"href":"http:\/\/www.rincondelbulla.cl\/portal\/wp-json\/wp\/v2\/users\/65"}],"replies":[{"embeddable":true,"href":"http:\/\/www.rincondelbulla.cl\/portal\/wp-json\/wp\/v2\/comments?post=17912"}],"version-history":[{"count":1,"href":"http:\/\/www.rincondelbulla.cl\/portal\/wp-json\/wp\/v2\/posts\/17912\/revisions"}],"predecessor-version":[{"id":17914,"href":"http:\/\/www.rincondelbulla.cl\/portal\/wp-json\/wp\/v2\/posts\/17912\/revisions\/17914"}],"wp:featuredmedia":[{"embeddable":true,"href":"http:\/\/www.rincondelbulla.cl\/portal\/wp-json\/wp\/v2\/media\/17913"}],"wp:attachment":[{"href":"http:\/\/www.rincondelbulla.cl\/portal\/wp-json\/wp\/v2\/media?parent=17912"}],"wp:term":[{"taxonomy":"category","embeddable":true,"href":"http:\/\/www.rincondelbulla.cl\/portal\/wp-json\/wp\/v2\/categories?post=17912"},{"taxonomy":"post_tag","embeddable":true,"href":"http:\/\/www.rincondelbulla.cl\/portal\/wp-json\/wp\/v2\/tags?post=17912"}],"curies":[{"name":"wp","href":"https:\/\/api.w.org\/{rel}","templated":true}]}}