{"id":17915,"date":"2021-04-29T19:36:20","date_gmt":"2021-04-29T23:36:20","guid":{"rendered":"http:\/\/www.rincondelbulla.cl\/portal\/?p=17915"},"modified":"2021-04-29T19:36:22","modified_gmt":"2021-04-29T23:36:22","slug":"dudamel-no-estoy-de-acuerdo-con-que-paso-mi-tiempo-en-universidad-de-chile","status":"publish","type":"post","link":"http:\/\/www.rincondelbulla.cl\/portal\/2021\/04\/29\/dudamel-no-estoy-de-acuerdo-con-que-paso-mi-tiempo-en-universidad-de-chile\/","title":{"rendered":"Dudamel: \u00abNo estoy de acuerdo con que pas\u00f3 mi tiempo en Universidad de Chile\u00bb"},"content":{"rendered":"\n<p>Pese a los malos n\u00fameros, informaciones de que su puesto en la \u00abU\u00bb tiene fecha de vencimiento y las constantes cr\u00edticas, Rafael Dudamel sigue trabajando en los azules.<\/p>\n<p>\u00ab<strong>Cuando uno recibe la cr\u00edtica hay dos cosas: primero entendemos que estamos expuestos permanentemente y que conocemos las dimensiones de estar en la U, los sentimientos que mueve. Cuando es con respeto, uno tiene que atenderla<\/strong>\u00ab, se\u00f1al\u00f3 el DT en conversaci\u00f3n con <a href=\"https:\/\/www.espn.cl\/futbol\/chile\/nota\/_\/id\/8557351\/rafael-dudamel-universidad-de-chile-entrevista-frases-espn-radio\">ESPN<\/a>.<\/p>\n<p>Por lo mismo dice seguir \u00aben la b\u00fasqueda, en la insistencia, en la construcci\u00f3n de lo que todos queremos\u00bb.<\/p>\n<p>\u00abTenemos que ser realistas de las circunstancias que hemos afrontado. No ha sido nada f\u00e1cil.\u00a0<strong>Llegamos a un club que estaba deportivamente en llamas, peleando el descenso, emocionalmente en un estado cr\u00edtico. Lo \u00fanico que rodeaba al club era la angustia<\/strong>. Despu\u00e9s de ganarle el primer partido a Audax, los trabajadores del club solo nos daban las gracias. Se sent\u00edan que se hab\u00edan liberado de esa ansiedad, de esa incertidumbre de no saber lo que ven\u00eda\u00bb, agrega el venezolano.<\/p>\n<p>Adem\u00e1s, fue claro en su insistencia al mando del equipo. \u00ab<strong>No estoy de acuerdo con eso de que ya pas\u00f3 mi tiempo en Universidad de Chile<\/strong>. <strong>Me gusta discernir, desde afuera se puede tener esa sensaci\u00f3n. Pero cuando analizo la situaci\u00f3n con mi cuerpo t\u00e9cnico, con el presidente y el gerente, estamos muy lejos de ponernos de acuerdo.<\/strong> Por ejemplo, hoy no conocemos la mejor versi\u00f3n de And\u00eda o de Ca\u00f1ete en la U. Marcelo Morales est\u00e1 en pleno crecimiento. Pablo Ar\u00e1nguiz no est\u00e1 en su nivel tope, Nahuel Luj\u00e1n y Thomas Rodr\u00edguez tienen mucho para darnos. El tiempo de un entrenador va de la mano de qu\u00e9 tanto porcentaje tiene el plantel. Y el plantel tiene mucho margen de crecimiento\u00bb, sentenci\u00f3.<\/p>\n","protected":false},"excerpt":{"rendered":"<p>Pese a los malos n\u00fameros, informaciones de que su puesto en la \u00abU\u00bb tiene fecha de vencimiento y las constantes cr\u00edticas, Rafael Dudamel sigue trabajando en los azules. \u00abCuando uno recibe la cr\u00edtica hay dos cosas: primero entendemos que estamos expuestos permanentemente y que conocemos las dimensiones de estar en la U, los sentimientos que [&#8230;]<\/p>\n","protected":false},"author":65,"featured_media":17917,"comment_status":"closed","ping_status":"open","sticky":false,"template":"","format":"standard","meta":{"footnotes":""},"categories":[18],"tags":[1726,1667,1421,294],"class_list":{"0":"post-17915","1":"post","2":"type-post","3":"status-publish","4":"format-standard","5":"has-post-thumbnail","7":"category-actualidad","8":"tag-espn","9":"tag-rafael-dudamel","10":"tag-tecnico","11":"tag-u-de-chile"},"_links":{"self":[{"href":"http:\/\/www.rincondelbulla.cl\/portal\/wp-json\/wp\/v2\/posts\/17915","targetHints":{"allow":["GET"]}}],"collection":[{"href":"http:\/\/www.rincondelbulla.cl\/portal\/wp-json\/wp\/v2\/posts"}],"about":[{"href":"http:\/\/www.rincondelbulla.cl\/portal\/wp-json\/wp\/v2\/types\/post"}],"author":[{"embeddable":true,"href":"http:\/\/www.rincondelbulla.cl\/portal\/wp-json\/wp\/v2\/users\/65"}],"replies":[{"embeddable":true,"href":"http:\/\/www.rincondelbulla.cl\/portal\/wp-json\/wp\/v2\/comments?post=17915"}],"version-history":[{"count":1,"href":"http:\/\/www.rincondelbulla.cl\/portal\/wp-json\/wp\/v2\/posts\/17915\/revisions"}],"predecessor-version":[{"id":17918,"href":"http:\/\/www.rincondelbulla.cl\/portal\/wp-json\/wp\/v2\/posts\/17915\/revisions\/17918"}],"wp:featuredmedia":[{"embeddable":true,"href":"http:\/\/www.rincondelbulla.cl\/portal\/wp-json\/wp\/v2\/media\/17917"}],"wp:attachment":[{"href":"http:\/\/www.rincondelbulla.cl\/portal\/wp-json\/wp\/v2\/media?parent=17915"}],"wp:term":[{"taxonomy":"category","embeddable":true,"href":"http:\/\/www.rincondelbulla.cl\/portal\/wp-json\/wp\/v2\/categories?post=17915"},{"taxonomy":"post_tag","embeddable":true,"href":"http:\/\/www.rincondelbulla.cl\/portal\/wp-json\/wp\/v2\/tags?post=17915"}],"curies":[{"name":"wp","href":"https:\/\/api.w.org\/{rel}","templated":true}]}}