{"id":17919,"date":"2021-04-30T01:55:28","date_gmt":"2021-04-30T05:55:28","guid":{"rendered":"http:\/\/www.rincondelbulla.cl\/portal\/?p=17919"},"modified":"2021-04-30T02:00:42","modified_gmt":"2021-04-30T06:00:42","slug":"carlos-veliz-hay-dos-jugadoras-que-debiesen-integrarse-en-los-proximos-dias","status":"publish","type":"post","link":"http:\/\/www.rincondelbulla.cl\/portal\/2021\/04\/30\/carlos-veliz-hay-dos-jugadoras-que-debiesen-integrarse-en-los-proximos-dias\/","title":{"rendered":"Carlos V\u00e9liz: \u00abHay dos jugadoras que debiesen integrarse en los pr\u00f3ximos d\u00edas\u00bb"},"content":{"rendered":"\n<p>Este domingo al mediod\u00eda el plantel femenino de la \u00abU\u00bb debuta en el Campeonato Chileno ante Temuco, el comienzo de un nuevo desaf\u00edo para un equipo que viene haciendo bien las cosas.<\/p>\n<p>En este marco, el t\u00e9cnico Carlos V\u00e9liz habl\u00f3 con Rincondelbulla para analizar este comienzo que tendr\u00e1n las Leonas. \u00ab<strong>Hay ansias en todo el plantel<\/strong>. Temuco es un equipo renovado con un nuevo cuerpo t\u00e9cnico. Va a ser un partido muy intenso en los 90, pero c<strong>reemos que tenemos las herramientas para poder ganarlo<\/strong>. Pese al sistema de juego que nos pongan, creo que hemos entrenado muy bien y las jugadoras han sentido muy bien los entrenamientos precampeonato y tengo mucha fe en que nos ir\u00e1 bien\u00bb, se\u00f1al\u00f3.<\/p>\n<p>Un plantel que llega con una baja sensible como Daniela Zamora, quien parti\u00f3 de las azules tras la Copa Libertadores. \u00ab<strong>En alguna oportunidad se\u00f1al\u00e9 que era dif\u00edcil reemplazar a la Dani Zamora<\/strong>, a nivel nacional no hay jugadoras con sus caracter\u00edsticas. Nos puso muy contentos la oferta que recibi\u00f3, pero tambi\u00e9n nos puso muy triste porque es muy dif\u00edcil reemplazarla\u00bb, cont\u00f3 V\u00e9liz.<\/p>\n<p>Por lo mismo dijo que se buscaron \u00ablas mejores para que este engranaje funcione de la misma o mejor forma, considerando que tendremos un proceso mas largo\u00bb.<\/p>\n<p>En ese sentido afirm\u00f3 que \u00ab<strong>hay dos jugadoras que debiesen integrarse en los pr\u00f3ximos d\u00edas, una derechamente posiblemente sea anunciada en los pr\u00f3ximos d\u00edas, con la otra a\u00fan hay conversaciones<\/strong>. Hemos solicitado algunas incorporaciones y esperemos que se den, que seguramente vendr\u00e1n a aportarnos para funcionar en este colectivo\u00bb.\u00a0<\/p>\n<p>Pese a la b\u00fasqueda de refuerzo, el t\u00e9cnico apunt\u00f3 a que \u00abqueremos darle el tiraje a la chimenea y darle valor a la jugadoras j\u00f3venes del primer equipo\u00bb.<\/p>\n<h2><strong>Nuevos rumbos de Azul Azul<\/strong><\/h2>\n<p>Ante la incertidumbre que pudiese existir con la llegada de los nuevos accionistas, V\u00e9liz cont\u00f3 que \u00ab<strong>por el minuto el gerente del futbol femenino nos ha dado la tranquilidad y el respaldo para seguir desarrollando el proyecto que viene del a\u00f1o pasado<\/strong>, son palabras de tranquilidad. En todo cambio se genera una especie de inquietud, porque nadie es monedita de oro y a todos nos pueden cambiar. Pero insisto que nos han dado toda la tranquilidad y todas las herramientas para desarrollar el proyecto del futbol femenino como ustedes lo ven\u00bb.<\/p>\n<p>Finalmente descart\u00f3 la informaci\u00f3n que lo acercaba a alg\u00fan interinato en el primer equipo masculino. \u00ab<strong>La verdad es que desconozco, nadie me ha dicho y hablado nada. No podr\u00eda referirme a esa noticia. Primero porque no la publiqu\u00e9 yo y no tengo nada que decir<\/strong>\u00ab, cerr\u00f3.<\/p>\n<p><div class=\"youtube-embed\" data-video_id=\"VjgrBLuuNNo\"><iframe loading=\"lazy\" title=\"ENTREVISTA JUNTO A CARLOS V\u00c9LIZ\" width=\"696\" height=\"522\" src=\"https:\/\/www.youtube.com\/embed\/VjgrBLuuNNo?feature=oembed&#038;enablejsapi=1\" frameborder=\"0\" allow=\"accelerometer; autoplay; clipboard-write; encrypted-media; gyroscope; picture-in-picture\" allowfullscreen><\/iframe><\/div><\/p>\n<p>\u00a0<\/p>\n<p>\u00a0<\/p>\n","protected":false},"excerpt":{"rendered":"<p>Este domingo al mediod\u00eda el plantel femenino de la \u00abU\u00bb debuta en el Campeonato Chileno ante Temuco, el comienzo de un nuevo desaf\u00edo para un equipo que viene haciendo bien las cosas. En este marco, el t\u00e9cnico Carlos V\u00e9liz habl\u00f3 con Rincondelbulla para analizar este comienzo que tendr\u00e1n las Leonas. \u00abHay ansias en todo el [&#8230;]<\/p>\n","protected":false},"author":65,"featured_media":17922,"comment_status":"closed","ping_status":"open","sticky":false,"template":"","format":"standard","meta":{"footnotes":""},"categories":[18],"tags":[1727,294,1677],"class_list":{"0":"post-17919","1":"post","2":"type-post","3":"status-publish","4":"format-standard","5":"has-post-thumbnail","7":"category-actualidad","8":"tag-carlos-veliz","9":"tag-u-de-chile","10":"tag-u-de-chile-femenino"},"_links":{"self":[{"href":"http:\/\/www.rincondelbulla.cl\/portal\/wp-json\/wp\/v2\/posts\/17919","targetHints":{"allow":["GET"]}}],"collection":[{"href":"http:\/\/www.rincondelbulla.cl\/portal\/wp-json\/wp\/v2\/posts"}],"about":[{"href":"http:\/\/www.rincondelbulla.cl\/portal\/wp-json\/wp\/v2\/types\/post"}],"author":[{"embeddable":true,"href":"http:\/\/www.rincondelbulla.cl\/portal\/wp-json\/wp\/v2\/users\/65"}],"replies":[{"embeddable":true,"href":"http:\/\/www.rincondelbulla.cl\/portal\/wp-json\/wp\/v2\/comments?post=17919"}],"version-history":[{"count":1,"href":"http:\/\/www.rincondelbulla.cl\/portal\/wp-json\/wp\/v2\/posts\/17919\/revisions"}],"predecessor-version":[{"id":17920,"href":"http:\/\/www.rincondelbulla.cl\/portal\/wp-json\/wp\/v2\/posts\/17919\/revisions\/17920"}],"wp:featuredmedia":[{"embeddable":true,"href":"http:\/\/www.rincondelbulla.cl\/portal\/wp-json\/wp\/v2\/media\/17922"}],"wp:attachment":[{"href":"http:\/\/www.rincondelbulla.cl\/portal\/wp-json\/wp\/v2\/media?parent=17919"}],"wp:term":[{"taxonomy":"category","embeddable":true,"href":"http:\/\/www.rincondelbulla.cl\/portal\/wp-json\/wp\/v2\/categories?post=17919"},{"taxonomy":"post_tag","embeddable":true,"href":"http:\/\/www.rincondelbulla.cl\/portal\/wp-json\/wp\/v2\/tags?post=17919"}],"curies":[{"name":"wp","href":"https:\/\/api.w.org\/{rel}","templated":true}]}}