{"id":17921,"date":"2021-04-30T01:10:00","date_gmt":"2021-04-30T05:10:00","guid":{"rendered":"http:\/\/www.rincondelbulla.cl\/portal\/?p=17921"},"modified":"2021-04-30T02:21:47","modified_gmt":"2021-04-30T06:21:47","slug":"natalia-campos-y-los-nuevos-accionistas-ojala-que-le-guste-el-futbol-femenino","status":"publish","type":"post","link":"http:\/\/www.rincondelbulla.cl\/portal\/2021\/04\/30\/natalia-campos-y-los-nuevos-accionistas-ojala-que-le-guste-el-futbol-femenino\/","title":{"rendered":"Natalia Campos y los nuevos accionistas: \u00abOjal\u00e1 que le guste el f\u00fatbol femenino\u00bb"},"content":{"rendered":"\n<p>\u00ab<strong>Hay ansiedad. Sacarnos la derrota de la Libertadores de encima y enfocarnos en el torneo nacional, y el torneo viene con todo<\/strong>\u00ab, as\u00ed grafica Natalia Campos el retorno de las Leonas este domingo ante Temuco en conversaci\u00f3n con Dalebulla.<\/p>\n<p>Lo portera que fue una gran refuerzo de cara a la Copa Libertadores cont\u00f3 que \u00ab<strong>estaba con muchos nervios. Era mi debut en la U y sabia que era algo importante<\/strong>. Tuve que manejarlo por mucha cabeza. Al final sali\u00f3 todo bien, fue una buena campa\u00f1a y queremos repetirla\u00bb.<\/p>\n<p>Sobre su premio como mejor arquera del torneo continental, se\u00f1al\u00f3 que \u00abno me lo esperaba, sabia que estaba haciendo bien las cosas y tenia confianza en mi rendimiento. No jugu\u00e9 pensando en eso en ning\u00fan momento. Pero fue muy sorpresivo y lindo que reconocieran mi trabajo, lo di todo pero me hubiese gustado llegar mas lejos, hubiese preferido una final al equipo ideal\u00bb.<\/p>\n<h2><strong>Apoyo al F\u00fatbol Femenino<\/strong><\/h2>\n<p>Sobre el crecimiento que ha tenido la \u00abU\u00bb en su rama femenina, la portera dijo que \u00ab<strong>no podemos bajar la vara. Hay que seguir mejorando las condiciones, el ideal es que todas tengan contratos<\/strong>, que las condiciones sean las mas igualitarias a los hombres. Yo se que la U est\u00e1 haciendo bien las cosas, y por eso digo mantener ese buen trabajo y seguir avanzando y no quedarnos conformes\u00bb.<\/p>\n<p>En esa l\u00ednea, Campos cont\u00f3 que todo el revuelo generado por la venta de acciones de Carlos Heller gener\u00f3 algunas conversaciones en el plantel. \u00abEst\u00e1bamos preocupadas, porque no sab\u00edamos quien estar\u00eda como mayoritario. <strong>Dec\u00edamos &#8216;ojal\u00e1 que le guste el f\u00fatbol femenino&#8217;, esa era nuestra preocupaci\u00f3n. Esto del apoyo es algo nuevo, entonces la idea es que no lo quiten.<\/strong> No he escuchado nada pero solo espero es seguir mejorando y conseguir el mejor rendimiento posible para la &#8216;U'\u00bb, cerr\u00f3.<\/p>\n<p><div class=\"youtube-embed\" data-video_id=\"0gOeH_6h5xI\"><iframe loading=\"lazy\" title=\"#DaleBulla Live: ENTREVISTA NATALIA CAMPOS | PREVIA DEBUT UCH FEMENINO\" width=\"696\" height=\"392\" src=\"https:\/\/www.youtube.com\/embed\/0gOeH_6h5xI?feature=oembed&#038;enablejsapi=1\" frameborder=\"0\" allow=\"accelerometer; autoplay; clipboard-write; encrypted-media; gyroscope; picture-in-picture\" allowfullscreen><\/iframe><\/div><\/p>\n<p>\u00a0<\/p>\n","protected":false},"excerpt":{"rendered":"<p>\u00abHay ansiedad. Sacarnos la derrota de la Libertadores de encima y enfocarnos en el torneo nacional, y el torneo viene con todo\u00ab, as\u00ed grafica Natalia Campos el retorno de las Leonas este domingo ante Temuco en conversaci\u00f3n con Dalebulla. Lo portera que fue una gran refuerzo de cara a la Copa Libertadores cont\u00f3 que \u00abestaba [&#8230;]<\/p>\n","protected":false},"author":65,"featured_media":17923,"comment_status":"closed","ping_status":"open","sticky":false,"template":"","format":"standard","meta":{"footnotes":""},"categories":[18],"tags":[1729,1728,294,1677],"class_list":{"0":"post-17921","1":"post","2":"type-post","3":"status-publish","4":"format-standard","5":"has-post-thumbnail","7":"category-actualidad","8":"tag-arquera","9":"tag-natalia-campos","10":"tag-u-de-chile","11":"tag-u-de-chile-femenino"},"_links":{"self":[{"href":"http:\/\/www.rincondelbulla.cl\/portal\/wp-json\/wp\/v2\/posts\/17921","targetHints":{"allow":["GET"]}}],"collection":[{"href":"http:\/\/www.rincondelbulla.cl\/portal\/wp-json\/wp\/v2\/posts"}],"about":[{"href":"http:\/\/www.rincondelbulla.cl\/portal\/wp-json\/wp\/v2\/types\/post"}],"author":[{"embeddable":true,"href":"http:\/\/www.rincondelbulla.cl\/portal\/wp-json\/wp\/v2\/users\/65"}],"replies":[{"embeddable":true,"href":"http:\/\/www.rincondelbulla.cl\/portal\/wp-json\/wp\/v2\/comments?post=17921"}],"version-history":[{"count":4,"href":"http:\/\/www.rincondelbulla.cl\/portal\/wp-json\/wp\/v2\/posts\/17921\/revisions"}],"predecessor-version":[{"id":17929,"href":"http:\/\/www.rincondelbulla.cl\/portal\/wp-json\/wp\/v2\/posts\/17921\/revisions\/17929"}],"wp:featuredmedia":[{"embeddable":true,"href":"http:\/\/www.rincondelbulla.cl\/portal\/wp-json\/wp\/v2\/media\/17923"}],"wp:attachment":[{"href":"http:\/\/www.rincondelbulla.cl\/portal\/wp-json\/wp\/v2\/media?parent=17921"}],"wp:term":[{"taxonomy":"category","embeddable":true,"href":"http:\/\/www.rincondelbulla.cl\/portal\/wp-json\/wp\/v2\/categories?post=17921"},{"taxonomy":"post_tag","embeddable":true,"href":"http:\/\/www.rincondelbulla.cl\/portal\/wp-json\/wp\/v2\/tags?post=17921"}],"curies":[{"name":"wp","href":"https:\/\/api.w.org\/{rel}","templated":true}]}}