{"id":18030,"date":"2021-06-07T17:42:17","date_gmt":"2021-06-07T21:42:17","guid":{"rendered":"http:\/\/www.rincondelbulla.cl\/portal\/?p=18030"},"modified":"2021-06-07T17:46:07","modified_gmt":"2021-06-07T21:46:07","slug":"manuel-mayo-sera-gerente-deportivo-transitorio","status":"publish","type":"post","link":"http:\/\/www.rincondelbulla.cl\/portal\/2021\/06\/07\/manuel-mayo-sera-gerente-deportivo-transitorio\/","title":{"rendered":"Manuel Mayo ser\u00e1 gerente deportivo transitorio"},"content":{"rendered":"\n<p>La Universidad de Chile pasa por un proceso de reestructuraci\u00f3n, esto a ra\u00edz de la salida de su t\u00e9cnico Rafael Dudamel, y de sus dos gerentes deportivos, Sergio Vargas y Rodrigo Goldberg.<\/p>\n<p>Es por eso que la b\u00fasqueda ya ha comenzado, y transitoriamente el cargo de gerente deportivo ser\u00e1 asumido por Manuel Mayo Ybach, quien actualmente se desempe\u00f1aba como Sub Gerente del F\u00fatbol Femenino y Formativo.<\/p>\n<p>Seg\u00fan un comunicado entregado por la instituci\u00f3n, Mayo \u00abtendr\u00e1 la responsabilidad de llevar adelante los procesos de contrataci\u00f3n, desarrollo, administraci\u00f3n y evaluaci\u00f3n de todas las \u00e1reas relacionadas al f\u00fatbol profesional, femenino y formativo del Club\u00bb.<\/p>\n<p>Manuel Mayo forma parte dela \u00abU\u00bb desde el a\u00f1o 2017, donde ha cumplido labores de Coordinador del Primer Equipo, Jefe de Secretar\u00eda T\u00e9cnica y, recientemente, Sub Gerente del F\u00fatbol Formativo y Femenino.\u00a0<\/p>\n","protected":false},"excerpt":{"rendered":"<p>La Universidad de Chile pasa por un proceso de reestructuraci\u00f3n, esto a ra\u00edz de la salida de su t\u00e9cnico Rafael Dudamel, y de sus dos gerentes deportivos, Sergio Vargas y Rodrigo Goldberg. Es por eso que la b\u00fasqueda ya ha comenzado, y transitoriamente el cargo de gerente deportivo ser\u00e1 asumido por Manuel Mayo Ybach, quien [&#8230;]<\/p>\n","protected":false},"author":65,"featured_media":18031,"comment_status":"closed","ping_status":"open","sticky":false,"template":"","format":"standard","meta":{"footnotes":""},"categories":[18],"tags":[1072,1743,294],"class_list":{"0":"post-18030","1":"post","2":"type-post","3":"status-publish","4":"format-standard","5":"has-post-thumbnail","7":"category-actualidad","8":"tag-gerente-deportivo","9":"tag-manuel-mayo","10":"tag-u-de-chile"},"_links":{"self":[{"href":"http:\/\/www.rincondelbulla.cl\/portal\/wp-json\/wp\/v2\/posts\/18030","targetHints":{"allow":["GET"]}}],"collection":[{"href":"http:\/\/www.rincondelbulla.cl\/portal\/wp-json\/wp\/v2\/posts"}],"about":[{"href":"http:\/\/www.rincondelbulla.cl\/portal\/wp-json\/wp\/v2\/types\/post"}],"author":[{"embeddable":true,"href":"http:\/\/www.rincondelbulla.cl\/portal\/wp-json\/wp\/v2\/users\/65"}],"replies":[{"embeddable":true,"href":"http:\/\/www.rincondelbulla.cl\/portal\/wp-json\/wp\/v2\/comments?post=18030"}],"version-history":[{"count":2,"href":"http:\/\/www.rincondelbulla.cl\/portal\/wp-json\/wp\/v2\/posts\/18030\/revisions"}],"predecessor-version":[{"id":18033,"href":"http:\/\/www.rincondelbulla.cl\/portal\/wp-json\/wp\/v2\/posts\/18030\/revisions\/18033"}],"wp:featuredmedia":[{"embeddable":true,"href":"http:\/\/www.rincondelbulla.cl\/portal\/wp-json\/wp\/v2\/media\/18031"}],"wp:attachment":[{"href":"http:\/\/www.rincondelbulla.cl\/portal\/wp-json\/wp\/v2\/media?parent=18030"}],"wp:term":[{"taxonomy":"category","embeddable":true,"href":"http:\/\/www.rincondelbulla.cl\/portal\/wp-json\/wp\/v2\/categories?post=18030"},{"taxonomy":"post_tag","embeddable":true,"href":"http:\/\/www.rincondelbulla.cl\/portal\/wp-json\/wp\/v2\/tags?post=18030"}],"curies":[{"name":"wp","href":"https:\/\/api.w.org\/{rel}","templated":true}]}}