{"id":18061,"date":"2021-06-17T13:15:45","date_gmt":"2021-06-17T17:15:45","guid":{"rendered":"http:\/\/www.rincondelbulla.cl\/portal\/?p=18061"},"modified":"2021-06-17T13:15:48","modified_gmt":"2021-06-17T17:15:48","slug":"franco-lobos-el-cambio-de-entrenador-te-eleva-la-motivacion","status":"publish","type":"post","link":"http:\/\/www.rincondelbulla.cl\/portal\/2021\/06\/17\/franco-lobos-el-cambio-de-entrenador-te-eleva-la-motivacion\/","title":{"rendered":"Franco Lobos: \u00abEl cambio de entrenador te eleva la motivaci\u00f3n\u00bb"},"content":{"rendered":"\n<p>La \u00abU\u00bb deja atr\u00e1s el proceso de Rafael Dudamel de la mano de un hist\u00f3rico como el \u00abHuevo\u00bb Valencia, quien dirige los entrenamientos de manera interina.<\/p>\n<p>Un proceso que en el plantel ha ca\u00eddo bien. As\u00ed lo ratific\u00f3 Franco Lobos en conferencia de prensa esta tarde, donde apunt\u00f3 que \u00abhan sido muy intensos, volvimos con mucha energia y ganas. Los entrenamientos son intensos y entretenidos. Prepar\u00e1ndonos de la mejor manera para poder enfrentar a Recoleta\u00bb.<\/p>\n<p>Justamente sobre el equipo que los azules enfrentar\u00e1n en Copa Chile, el joven delantero record\u00f3 que \u00abjugamos con Recoleta hace un mes asi que mas o menos los conocemos y sabemos a lo que juegan. Me gustar\u00eda agarrar un papel este equipo, se que le puedo aportar mucho, tengo mucho poir dar y me gustar\u00eda empezar a jugar\u00bb.<\/p>\n<p>Sobre el Huevo, Franco solo tiene buenas palabras. \u00ab\u00c9l nos ha transmitido tranquilidad, tiene mucha experiencia deportiva. Es una persona en la que nos podemos apoyar, contar ciertas cosas. Los entrenamientos que ha hecho nos hace participar a todos y eso nos hace generar un mejor ambiente en este equipo\u00bb, reconoci\u00f3.<\/p>\n<p>\u00abEl cambio de entrenador te eleva la motivaci\u00f3n, a todos los jugadores. Los que estaban jugando quieren seguir, los que no estaban jugando tienen una chance donde todos empezamos de cero. Me gustar\u00eda que vieran el partido de la pr\u00f3xima semana, nos vamos a ver muy bien y vamos a mostrar esta motivaci\u00f3n de subir el nivel y de pelear cosas\u00bb, agreg\u00f3.<\/p>\n<p><div class=\"youtube-embed\" data-video_id=\"BXbUShpgf3M\"><iframe loading=\"lazy\" title=\"[EN VIVO]\u00a0Franco Lobos habla con la prensa en el CDA\" width=\"696\" height=\"392\" src=\"https:\/\/www.youtube.com\/embed\/BXbUShpgf3M?feature=oembed&#038;enablejsapi=1\" frameborder=\"0\" allow=\"accelerometer; autoplay; clipboard-write; encrypted-media; gyroscope; picture-in-picture\" allowfullscreen><\/iframe><\/div><\/p>\n<p>\u00a0<\/p>\n","protected":false},"excerpt":{"rendered":"<p>La \u00abU\u00bb deja atr\u00e1s el proceso de Rafael Dudamel de la mano de un hist\u00f3rico como el \u00abHuevo\u00bb Valencia, quien dirige los entrenamientos de manera interina. Un proceso que en el plantel ha ca\u00eddo bien. As\u00ed lo ratific\u00f3 Franco Lobos en conferencia de prensa esta tarde, donde apunt\u00f3 que \u00abhan sido muy intensos, volvimos con [&#8230;]<\/p>\n","protected":false},"author":65,"featured_media":18062,"comment_status":"closed","ping_status":"open","sticky":false,"template":"","format":"standard","meta":{"footnotes":""},"categories":[18],"tags":[623,1746,695,294],"class_list":{"0":"post-18061","1":"post","2":"type-post","3":"status-publish","4":"format-standard","5":"has-post-thumbnail","7":"category-actualidad","8":"tag-franco-lobos","9":"tag-huevo-valencia","10":"tag-recoleta","11":"tag-u-de-chile"},"_links":{"self":[{"href":"http:\/\/www.rincondelbulla.cl\/portal\/wp-json\/wp\/v2\/posts\/18061","targetHints":{"allow":["GET"]}}],"collection":[{"href":"http:\/\/www.rincondelbulla.cl\/portal\/wp-json\/wp\/v2\/posts"}],"about":[{"href":"http:\/\/www.rincondelbulla.cl\/portal\/wp-json\/wp\/v2\/types\/post"}],"author":[{"embeddable":true,"href":"http:\/\/www.rincondelbulla.cl\/portal\/wp-json\/wp\/v2\/users\/65"}],"replies":[{"embeddable":true,"href":"http:\/\/www.rincondelbulla.cl\/portal\/wp-json\/wp\/v2\/comments?post=18061"}],"version-history":[{"count":1,"href":"http:\/\/www.rincondelbulla.cl\/portal\/wp-json\/wp\/v2\/posts\/18061\/revisions"}],"predecessor-version":[{"id":18063,"href":"http:\/\/www.rincondelbulla.cl\/portal\/wp-json\/wp\/v2\/posts\/18061\/revisions\/18063"}],"wp:featuredmedia":[{"embeddable":true,"href":"http:\/\/www.rincondelbulla.cl\/portal\/wp-json\/wp\/v2\/media\/18062"}],"wp:attachment":[{"href":"http:\/\/www.rincondelbulla.cl\/portal\/wp-json\/wp\/v2\/media?parent=18061"}],"wp:term":[{"taxonomy":"category","embeddable":true,"href":"http:\/\/www.rincondelbulla.cl\/portal\/wp-json\/wp\/v2\/categories?post=18061"},{"taxonomy":"post_tag","embeddable":true,"href":"http:\/\/www.rincondelbulla.cl\/portal\/wp-json\/wp\/v2\/tags?post=18061"}],"curies":[{"name":"wp","href":"https:\/\/api.w.org\/{rel}","templated":true}]}}