{"id":18118,"date":"2021-07-06T01:46:08","date_gmt":"2021-07-06T05:46:08","guid":{"rendered":"http:\/\/www.rincondelbulla.cl\/portal\/?p=18118"},"modified":"2021-07-06T01:46:09","modified_gmt":"2021-07-06T05:46:09","slug":"la-u-vuelve-a-reactivar-la-opcion-de-que-arribe-un-tecnico","status":"publish","type":"post","link":"http:\/\/www.rincondelbulla.cl\/portal\/2021\/07\/06\/la-u-vuelve-a-reactivar-la-opcion-de-que-arribe-un-tecnico\/","title":{"rendered":"La \u00abU\u00bb vuelve a reactivar la opci\u00f3n de que arribe un t\u00e9cnico"},"content":{"rendered":"\n<p>La idea de sostener a Esteban Valencia por todo el 2021 pareciera diluirse en el Centro Deportivo Azul, esto tras la dolorosa elimincaci\u00f3n de Copa Chile ante el Fern\u00e1ndez Vial.<\/p>\n<p>Dos de los candidatos son <strong>Pablo Repetto y Gustavo Costas<\/strong>, es justamente este \u00faltimo quien ya se ha reunido de manera telem\u00e1tica con el presidente de Azul Azul, Cristi\u00e1n Aubert, seg\u00fan consigna El Mercurio.<\/p>\n<p>Pese a eso, seg\u00fan se\u00f1ala La Tercera, <strong>en la concesionaria que rige los destinos azules esta decisi\u00f3n no tiene apuro, ya que esperan no volver a cometer los mismos errores del \u00faltimo tiempo<\/strong>.<\/p>\n<p>En paralelo se sigue trabajando en la llegada de un <strong>gerente t\u00e9cnico, puesto que podr\u00eda ocupar Luis Roggiero<\/strong>, quien el medio En Cancha da por confirmado, pero para diciembre de este a\u00f1o.<\/p>\n<p>En tanto en las \u00faltimas horas se vuelve hablar de refuerzos, donde s<strong>e buscar\u00eda seg\u00fan el primer medio se\u00f1alado un lateral, extremo izquierdo, un volante mixto y lateral derecho<\/strong>.<\/p>\n<p><strong>Dicho eso, desde la \u00abU\u00bb ya se contactaron con Junior Fernandes para ver la posibilidad que pueda retornar al CDA.<\/strong><\/p>\n","protected":false},"excerpt":{"rendered":"<p>La idea de sostener a Esteban Valencia por todo el 2021 pareciera diluirse en el Centro Deportivo Azul, esto tras la dolorosa elimincaci\u00f3n de Copa Chile ante el Fern\u00e1ndez Vial. Dos de los candidatos son Pablo Repetto y Gustavo Costas, es justamente este \u00faltimo quien ya se ha reunido de manera telem\u00e1tica con el presidente [&#8230;]<\/p>\n","protected":false},"author":65,"featured_media":17901,"comment_status":"closed","ping_status":"open","sticky":false,"template":"","format":"standard","meta":{"footnotes":""},"categories":[18],"tags":[1013,1762,1764,1763,1421,294],"class_list":{"0":"post-18118","1":"post","2":"type-post","3":"status-publish","4":"format-standard","5":"has-post-thumbnail","7":"category-actualidad","8":"tag-gerente-tecnico","9":"tag-gustavo-costas","10":"tag-luis-roggiero","11":"tag-pablo-repetto","12":"tag-tecnico","13":"tag-u-de-chile"},"_links":{"self":[{"href":"http:\/\/www.rincondelbulla.cl\/portal\/wp-json\/wp\/v2\/posts\/18118","targetHints":{"allow":["GET"]}}],"collection":[{"href":"http:\/\/www.rincondelbulla.cl\/portal\/wp-json\/wp\/v2\/posts"}],"about":[{"href":"http:\/\/www.rincondelbulla.cl\/portal\/wp-json\/wp\/v2\/types\/post"}],"author":[{"embeddable":true,"href":"http:\/\/www.rincondelbulla.cl\/portal\/wp-json\/wp\/v2\/users\/65"}],"replies":[{"embeddable":true,"href":"http:\/\/www.rincondelbulla.cl\/portal\/wp-json\/wp\/v2\/comments?post=18118"}],"version-history":[{"count":1,"href":"http:\/\/www.rincondelbulla.cl\/portal\/wp-json\/wp\/v2\/posts\/18118\/revisions"}],"predecessor-version":[{"id":18119,"href":"http:\/\/www.rincondelbulla.cl\/portal\/wp-json\/wp\/v2\/posts\/18118\/revisions\/18119"}],"wp:featuredmedia":[{"embeddable":true,"href":"http:\/\/www.rincondelbulla.cl\/portal\/wp-json\/wp\/v2\/media\/17901"}],"wp:attachment":[{"href":"http:\/\/www.rincondelbulla.cl\/portal\/wp-json\/wp\/v2\/media?parent=18118"}],"wp:term":[{"taxonomy":"category","embeddable":true,"href":"http:\/\/www.rincondelbulla.cl\/portal\/wp-json\/wp\/v2\/categories?post=18118"},{"taxonomy":"post_tag","embeddable":true,"href":"http:\/\/www.rincondelbulla.cl\/portal\/wp-json\/wp\/v2\/tags?post=18118"}],"curies":[{"name":"wp","href":"https:\/\/api.w.org\/{rel}","templated":true}]}}