{"id":18136,"date":"2021-07-08T23:04:10","date_gmt":"2021-07-09T03:04:10","guid":{"rendered":"http:\/\/www.rincondelbulla.cl\/portal\/?p=18136"},"modified":"2021-07-09T00:12:50","modified_gmt":"2021-07-09T04:12:50","slug":"cristian-aubert-no-estamos-en-un-barco-a-la-deriva","status":"publish","type":"post","link":"http:\/\/www.rincondelbulla.cl\/portal\/2021\/07\/08\/cristian-aubert-no-estamos-en-un-barco-a-la-deriva\/","title":{"rendered":"Cristi\u00e1n Aubert: \u00abNo estamos en un barco a la deriva\u00bb"},"content":{"rendered":"\n<p><b>Proyecto de Azul Azul<\/b><\/p>\n<p><span style=\"font-weight: 400;\">\u201cTenemos muchas cosas por hacer, este es un club que nos ha tocado asumirlo en un momento dif\u00edcil, que necesita equilibrio, volver a normalizar sus finanzas, tratar de desarrollar el f\u00fatbol formativo. Estamos en pleno proceso de rearmar la estructura administrativa, buscando un gerente deportivo, viendo la incorporaci\u00f3n de un nuevo cuerpo t\u00e9cnico\u201d.<\/span><\/p>\n<p><b>Estado de entrega a Sartor<\/b><\/p>\n<p><span style=\"font-weight: 400;\">\u201cUno no puede hablar de un club en ruinas, es demasiado dram\u00e1tico y no corresponde a la realidad. Es un club que est\u00e1 en un momento complejo que requiere una reestructuraci\u00f3n profunda, y eso es en lo que estamos trabajando\u201d.<\/span><\/p>\n<p><b>Plazos<\/b><\/p>\n<p><span style=\"font-weight: 400;\">\u201cPonerse tiempo es un poquitito innecesario, lo que uno tiene que ponerse son objetivos. Tenemos la intenci\u00f3n de que este club sea como el de esos a\u00f1os 2011 y eso significa incorporar gente profesional, trabajar desde lo formativo, equilibrar las finanzas, preocuparse de que este club funcione como tal\u201d.<\/span><\/p>\n<p><span style=\"font-weight: 400;\">\u201cSe necesita un plan, la persona id\u00f3nea que sea capaz de ejecutar ese plan y mejorarlo, con sus capacidades y conocimientos que le sea \u00fatil para el desarrollo del proyecto. Junto con eso se necesita armar el equipo de trabajo y cuando pienso en eso, pienso en el cuerpo t\u00e9cnico, el plantel, el desarrollo del f\u00fatbol formativo y femenino. Hay una serie de \u00e1reas en las cuales los gerentes se tienen que ir involucrando de manera de poder avanzar en el proyecto que tiene una estrategia que tiene el directorio\u201d.\u00a0<\/span><\/p>\n<p><b>\u00bfQu\u00e9 pas\u00f3 en el formativo?<\/b><\/p>\n<p><span style=\"font-weight: 400;\">\u201cA mi me toc\u00f3 participar de la primera etapa de Azul Azul, y el f\u00fatbol formativo siempre fue muy relevante, siempre consideramos que una de las tareas de las que est\u00e1bamos convencidos es que los jugadores formados en el club tienen una pasi\u00f3n diferente, muestran en la cancha ciertas caracter\u00edsticas de m\u00edsticas que no se encuentra en cualquier club (&#8230;) Cuando me toc\u00f3 volver el 2020, me pas\u00f3 que me encontr\u00e9 con un club que el proyecto del f\u00fatbol formativo no era lo relevante que hab\u00eda sido, pero para ser justos nos ha tocado una \u00e9poca de pandemia, donde el f\u00fatbol formativo ha sufrido una crisis porque muchos no han podido entrenar y cuando empiezan a perder ese protagonismo el proyecto empieza a quedar trunco\u201d.\u00a0<\/span><\/p>\n<p><b>\u00bfBarco a la deriva?<\/b><\/p>\n<p><span style=\"font-weight: 400;\">\u201cDecirle a los hinchas que no estamos en un barco a la deriva, de no saber lo que queremos o adonde vamos a llevar al club. Ac\u00e1 hay que separar las cosas, nosotros tenemos que trabajar para que el club sea mejor, para que sea m\u00e1s grande, pueda desarrollarse y vamos contando las cosas que creemos pertinentes, en el momento que hay que contarlo\u201d.<\/span><\/p>\n<p><b>Gerente T\u00e9cnico llega antes de fin de a\u00f1o<\/b><\/p>\n<p><span style=\"font-weight: 400;\">\u201cEstamos muy cerca, tenemos un grupo seleccionado de cuatro muy buenos ejecutivos, en los cuales tenemos que tomar la decisi\u00f3n a cu\u00e1l vamos a contratar definitivamente. Son profesionales de primer nivel, que tienen experiencia y estoy convencido que vendr\u00e1n a aportar al club a nuestro proyecto\u201d.<\/span><\/p>\n<p><span style=\"font-weight: 400;\">\u201cNosotros somos de la idea de que las decisiones se toman en conjunto, el gerente a cargo debe proponer las mejores alternativas disponibles\u201d.\u00a0<\/span><\/p>\n<p><span style=\"font-weight: 400;\">\u201cYo creo que lo m\u00e1s l\u00f3gico es que participe de la decisi\u00f3n, no necesariamente se necesita que llegu\u00e9 y est\u00e9 ac\u00e1 para que lo reciba.\u00a0 S\u00ed creo que es muy importante que el gerente deportivo est\u00e9 de acuerdo y participe a lo menos de la decisi\u00f3n del nuevo cuerpo t\u00e9cnico\u201d.<\/span><\/p>\n<p><b>Valencia<\/b><\/p>\n<p><span style=\"font-weight: 400;\">\u201cNo te puedo decir si Valencia va llegar o no hasta el final del torneo, la continuidad est\u00e1 condicionada a c\u00f3mo se van dando los resultados y qu\u00e9 tan contento se siente \u00e9l en esa posici\u00f3n. Tanto Esteban como Marcelo son dos colaboradores del club, y van a seguir despu\u00e9s de que dejen el rol que tienen en el primer equipo\u201d.<\/span><\/p>\n<p><b>Objetivos deportivos<\/b><\/p>\n<p><span style=\"font-weight: 400;\">\u201cTenemos objetivos bastante claros, lo primero es armar un equipo de trabajo de nivel que pueda ayudar en la conformaci\u00f3n de un plantel de primer nivel, dentro de las posibilidades del club en estos tiempos. Nos hemos fijado como meta el pelear los campeonatos permanentemente, clasificar a torneos internacionales todos los a\u00f1os y darle alegr\u00eda a los hinchas\u201d.\u00a0<\/span><\/p>\n<p><b>Refuerzos<\/b><\/p>\n<p><span style=\"font-weight: 400;\">\u201cHay algo muy importante de decir, nosotros permanentemente estamos mirando jugadores. Estamos viendo jugadores en todas las posiciones, cuando uno tiene estas opciones de incorporar jugadores a mitad de a\u00f1o, tenemos 3 alternativas, est\u00e1 bastante acotado lo que se puede hacer. Vamos a utilizar la ventana, vamos a buscar una opci\u00f3n de reemplazo de \u00c1ngelo, y las otras dos alternativas las estamos evaluando porque consideramos que faltan ciertos jugadores en ciertas posiciones\u201d.<\/span><\/p>\n<p><b>Contrataciones\u00a0<\/b><\/p>\n<p><span style=\"font-weight: 400;\">\u201cHay muchos de los procesos que se llevaron a cabo para la b\u00fasqueda de jugadores que son perfectibles, se puede hacer las cosas de una manera con menos probabilidades de error\u201d.\u00a0<\/span><\/p>\n<p><b>\u00bfGerencias deportivas malas?<\/b><\/p>\n<p><span style=\"font-weight: 400;\">\u201cA mi no me gusta hablar de lo que pas\u00f3. Yo tengo una teor\u00eda un poco distinta, soy de la idea que uno tiene que tener directores en el directorio y gerentes en la administraci\u00f3n, desde ya eso nunca me cuadr\u00f3\u201d.<\/span><\/p>\n<p><b>Tecnico<\/b><\/p>\n<p><span style=\"font-weight: 400;\">\u201cNo tengo una respuesta, lo \u00fanico que puedo decir que estamos buscando el mejor t\u00e9cnico que podamos. Tengo que ser s\u00faper claro y enf\u00e1tico, nosotros tambi\u00e9n buscamos t\u00e9cnicos a la realidad del club de hoy\u201d.\u00a0<\/span><\/p>\n<p><span style=\"font-weight: 400;\">\u201cHoy dadas las condiciones en las que estamos, a mitad de a\u00f1o, que estamos en un proceso de campeonato andando, no hay un t\u00e9cnico chileno que se pueda hacer cargo de la U\u201d.<\/span><\/p>\n<p><b>Objetivos a nivel internacional<\/b><\/p>\n<p><span style=\"font-weight: 400;\">\u201cNuestro desaf\u00edo va a ser jugar Copa Libertadores o Sudamericana, estar en las fases de grupo y avanzar. Es lo que todos queremos. Por eso uno se lo tiene que poner como desaf\u00edo. Yo creo que se puede, pero hay que tener la confianza y armar un equipo que pueda competir en ese nivel\u201d.<\/span><\/p>\n<p><b>Tiempos<\/b><\/p>\n<p><span style=\"font-weight: 400;\">\u201cEstamos haciendo todo lo posible para que los procesos sean lo m\u00e1s r\u00e1pido posible, pero hoy tenemos un desbalance financiero y tenemos que partir con eso. Tenemos que organizar nuestra estructura financiera, que los ingresos que somos capaces de generar nos alcance pagar los costos del club. Est\u00e1 proyectado invertir en la medida que seamos capaces de cuadrar los ingresos\u201d.<\/span><\/p>\n<p><b>Por qu\u00e9 no llamaron Marcelo Diaz<\/b><\/p>\n<p><span style=\"font-weight: 400;\">\u201cPorque en ese momento cuando Chelo sale de Racing nosotros no est\u00e1bamos en \u00e9poca de contrataciones. Yo habl\u00e9 con Marcelo en el verano y \u00e9l me coment\u00f3 su idea en el desarrollo de su carrera, yo le cont\u00e9 en lo que est\u00e1bamos nosotros y quedamos de seguir hablando. No hablamos de dinero\u201d.\u00a0<\/span><\/p>\n<p><b>Hinchas de vuelta al estadio<\/b><\/p>\n<p><span style=\"font-weight: 400;\">\u201cTenemos un problema no menor porque tenemos una cantidad de socios abonados que es mayor a ambas cifras (aforos del Plan Paso a Paso). Cada vez que nos dan un aforo menor a nuestra cantidad de abonados nos ponen en un problema, porque no tenemos c\u00f3mo elegir. No hacer nada no es una opci\u00f3n, habr\u00e1 que buscar la manera, pero nos pone en una situaci\u00f3n muy inc\u00f3moda\u201d.<\/span><\/p>\n<p>\u00a0<\/p>\n","protected":false},"excerpt":{"rendered":"<p>Proyecto de Azul Azul \u201cTenemos muchas cosas por hacer, este es un club que nos ha tocado asumirlo en un momento dif\u00edcil, que necesita equilibrio, volver a normalizar sus finanzas, tratar de desarrollar el f\u00fatbol formativo. Estamos en pleno proceso de rearmar la estructura administrativa, buscando un gerente deportivo, viendo la incorporaci\u00f3n de un nuevo [&#8230;]<\/p>\n","protected":false},"author":65,"featured_media":18137,"comment_status":"closed","ping_status":"open","sticky":false,"template":"","format":"standard","meta":{"footnotes":""},"categories":[18],"tags":[174,1767,1726,1721,294],"class_list":{"0":"post-18136","1":"post","2":"type-post","3":"status-publish","4":"format-standard","5":"has-post-thumbnail","7":"category-actualidad","8":"tag-azul-azul","9":"tag-cristian-aubert-2","10":"tag-espn","11":"tag-sartor","12":"tag-u-de-chile"},"_links":{"self":[{"href":"http:\/\/www.rincondelbulla.cl\/portal\/wp-json\/wp\/v2\/posts\/18136","targetHints":{"allow":["GET"]}}],"collection":[{"href":"http:\/\/www.rincondelbulla.cl\/portal\/wp-json\/wp\/v2\/posts"}],"about":[{"href":"http:\/\/www.rincondelbulla.cl\/portal\/wp-json\/wp\/v2\/types\/post"}],"author":[{"embeddable":true,"href":"http:\/\/www.rincondelbulla.cl\/portal\/wp-json\/wp\/v2\/users\/65"}],"replies":[{"embeddable":true,"href":"http:\/\/www.rincondelbulla.cl\/portal\/wp-json\/wp\/v2\/comments?post=18136"}],"version-history":[{"count":2,"href":"http:\/\/www.rincondelbulla.cl\/portal\/wp-json\/wp\/v2\/posts\/18136\/revisions"}],"predecessor-version":[{"id":18144,"href":"http:\/\/www.rincondelbulla.cl\/portal\/wp-json\/wp\/v2\/posts\/18136\/revisions\/18144"}],"wp:featuredmedia":[{"embeddable":true,"href":"http:\/\/www.rincondelbulla.cl\/portal\/wp-json\/wp\/v2\/media\/18137"}],"wp:attachment":[{"href":"http:\/\/www.rincondelbulla.cl\/portal\/wp-json\/wp\/v2\/media?parent=18136"}],"wp:term":[{"taxonomy":"category","embeddable":true,"href":"http:\/\/www.rincondelbulla.cl\/portal\/wp-json\/wp\/v2\/categories?post=18136"},{"taxonomy":"post_tag","embeddable":true,"href":"http:\/\/www.rincondelbulla.cl\/portal\/wp-json\/wp\/v2\/tags?post=18136"}],"curies":[{"name":"wp","href":"https:\/\/api.w.org\/{rel}","templated":true}]}}