{"id":18152,"date":"2021-07-09T16:25:07","date_gmt":"2021-07-09T20:25:07","guid":{"rendered":"http:\/\/www.rincondelbulla.cl\/portal\/?p=18152"},"modified":"2021-07-09T16:31:25","modified_gmt":"2021-07-09T20:31:25","slug":"esteban-valencia-no-le-hacemos-el-quite-a-que-tenemos-que-seguir-mejorando-cosas","status":"publish","type":"post","link":"http:\/\/www.rincondelbulla.cl\/portal\/2021\/07\/09\/esteban-valencia-no-le-hacemos-el-quite-a-que-tenemos-que-seguir-mejorando-cosas\/","title":{"rendered":"Esteban Valencia: \u00abNo le hacemos el quite a que tenemos que seguir mejorando cosas\u00bb"},"content":{"rendered":"\n<p>Tras la eliminaci\u00f3n de la Copa Chile, Esteban Valencia comienza a trabajar en el torneo nacional, donde ser\u00e1 \u00e9l de cualquier forma quien dirija ante Deporte Melipilla.<\/p>\n<p>\u00ab<strong>No le hacemos el quite a que el equipo tiene que seguir mejorando cosas, tiene que tener seguir mejorando cosas<\/strong>, hemos visto cosas positvas pero tiene que tener un mayor funcionamiento, individualidades que deben subir su nivel, y ah\u00ed est\u00e1 el desaf\u00edo de nosotros\u00bb, comenta el \u00abHuevo\u00bb en la Magia Azul de cara a lo que viene.<\/p>\n<p>El entrenador tiene claro lo golpeado que pueda estar el plantel tras el bochorno de la Copa Chile. \u00ab<strong>Sabemos que la \u00abU\u00bb tiene obligaciones y necesidades, y ah\u00ed nos vimos enfrentados en una situaci\u00f3n que lamentablemente no fuimos capaces de seguir avanzando<\/strong>\u00ab, destac\u00f3.\u00a0<\/p>\n<p>Sobre su labor asumida tras la salida de Dudamel, Valencia dice que \u00ab<strong>uno pudiese poner mil excusas pero no va a ser mi caso. Uno pasa a ser el responsable de liderar el plantel. Uno trata de tener una impronta pero no se consigue en una semana o un mes.<\/strong> Pero en base a la circunstancias del armado del equipo tuvimos que ir modificando algunas cosas\u00bb.<\/p>\n<p>\u00a0<\/p>\n<p>\u00a0<\/p>\n","protected":false},"excerpt":{"rendered":"<p>Tras la eliminaci\u00f3n de la Copa Chile, Esteban Valencia comienza a trabajar en el torneo nacional, donde ser\u00e1 \u00e9l de cualquier forma quien dirija ante Deporte Melipilla. \u00abNo le hacemos el quite a que el equipo tiene que seguir mejorando cosas, tiene que tener seguir mejorando cosas, hemos visto cosas positvas pero tiene que tener [&#8230;]<\/p>\n","protected":false},"author":65,"featured_media":18153,"comment_status":"closed","ping_status":"open","sticky":false,"template":"","format":"standard","meta":{"footnotes":""},"categories":[18],"tags":[1463,294],"class_list":{"0":"post-18152","1":"post","2":"type-post","3":"status-publish","4":"format-standard","5":"has-post-thumbnail","7":"category-actualidad","8":"tag-esteban-valencia","9":"tag-u-de-chile"},"_links":{"self":[{"href":"http:\/\/www.rincondelbulla.cl\/portal\/wp-json\/wp\/v2\/posts\/18152","targetHints":{"allow":["GET"]}}],"collection":[{"href":"http:\/\/www.rincondelbulla.cl\/portal\/wp-json\/wp\/v2\/posts"}],"about":[{"href":"http:\/\/www.rincondelbulla.cl\/portal\/wp-json\/wp\/v2\/types\/post"}],"author":[{"embeddable":true,"href":"http:\/\/www.rincondelbulla.cl\/portal\/wp-json\/wp\/v2\/users\/65"}],"replies":[{"embeddable":true,"href":"http:\/\/www.rincondelbulla.cl\/portal\/wp-json\/wp\/v2\/comments?post=18152"}],"version-history":[{"count":1,"href":"http:\/\/www.rincondelbulla.cl\/portal\/wp-json\/wp\/v2\/posts\/18152\/revisions"}],"predecessor-version":[{"id":18154,"href":"http:\/\/www.rincondelbulla.cl\/portal\/wp-json\/wp\/v2\/posts\/18152\/revisions\/18154"}],"wp:featuredmedia":[{"embeddable":true,"href":"http:\/\/www.rincondelbulla.cl\/portal\/wp-json\/wp\/v2\/media\/18153"}],"wp:attachment":[{"href":"http:\/\/www.rincondelbulla.cl\/portal\/wp-json\/wp\/v2\/media?parent=18152"}],"wp:term":[{"taxonomy":"category","embeddable":true,"href":"http:\/\/www.rincondelbulla.cl\/portal\/wp-json\/wp\/v2\/categories?post=18152"},{"taxonomy":"post_tag","embeddable":true,"href":"http:\/\/www.rincondelbulla.cl\/portal\/wp-json\/wp\/v2\/tags?post=18152"}],"curies":[{"name":"wp","href":"https:\/\/api.w.org\/{rel}","templated":true}]}}