{"id":18155,"date":"2021-07-12T01:20:42","date_gmt":"2021-07-12T05:20:42","guid":{"rendered":"http:\/\/www.rincondelbulla.cl\/portal\/?p=18155"},"modified":"2021-07-12T01:20:43","modified_gmt":"2021-07-12T05:20:43","slug":"roberto-nahum-la-situacion-es-mas-complicada-de-lo-que-al-principio-parecia","status":"publish","type":"post","link":"http:\/\/www.rincondelbulla.cl\/portal\/2021\/07\/12\/roberto-nahum-la-situacion-es-mas-complicada-de-lo-que-al-principio-parecia\/","title":{"rendered":"Roberto Nahum: \u00abLa situaci\u00f3n es m\u00e1s complicada de lo que al principio parec\u00eda\u00bb"},"content":{"rendered":"\n<p>Los rostros que arribaron a Azul Azul comienzan a sacar la voz, ya fue el turno de Tamara Agnic en el Diario Financiero, y hoy el de Roberto Nahum en El Mercurio.<\/p>\n<p>Eso si, Nahum es una cara conocida, ya estuvo 10 a\u00f1os en el directorio hasta el 2017 bajo el alero de la casa de estudios, y hoy lo hace en uno de los cupos de Tactical Sport.<\/p>\n<p>\u00ab<strong>Veo que la situaci\u00f3n es m\u00e1s complicada de lo que al principio parec\u00eda, por ello creo se ha tomado m\u00e1s tiempo para realizar las designaciones pendientes<\/strong>\u00ab, dice el director sobre el panorama con el que se encontr\u00f3, al que agrega que \u00abes algo que no se resuelve simplemente. Hay que analizar las causas y eso amerita tiempo. No se pueden proponer soliciones precipitadas\u00bb.<\/p>\n<p>Sobre el momento que viven los azules, Nahum asegura que \u00ab<strong>el grado de deterioro a que se ha llegado en la situaci\u00f3n deportiva ha sido bastante complejo<\/strong>, y por ende, no se puede pensar que estas situaciones son consecuencias de un mes de trabajo, sino que de un proceso que se ha venido deteriorando. Los remedios no pueden ser precicipatdos si queremos que resuelvan el problema\u00bb.<\/p>\n<p>Ante esta demora en la toma de decisiones, Roberto indica que \u00ab<strong>no hemos tenido reuniones que pudieran enfrentar la situaci\u00f3n<\/strong>. Se est\u00e1n preparando proposiciones sobre las cuales el directorio decidir\u00e1, y se requiere de tiempo para que sean acordes a la situaci\u00f3n\u00bb.<\/p>\n<h2><strong>Panorama azul<\/strong><\/h2>\n<p>\u00abEs complicado desde antes. Se arrastra. Tengo una visi\u00f3n m\u00e1s amplia que este \u00faltimo mes. Fui el decano que tom\u00f3 decisiones en nombre de la universidad en el comienzo de la concesi\u00f3n y tuvimos una \u00e9poca muy positiva en 3 o 4 administraciones. La primera fue muy exitosa, y despu\u00e9s han venido otras que han complejizado el funcionamiento del club\u00bb, indica.<\/p>\n<p>Por lo mismo, Nahum pone la calma sobre el trabajo que realiza Tactical Sport. \u00ab<strong>Que en un mes la nueva administraci\u00f3n pueda resolver un proceso en que la Universidad de Chile ha venido decayendo como club deportivo&#8230;<\/strong> Por eso la nueva administraci\u00f3n se ha tomado un tiempo prudente para las propuestas\u00bb, agrega.<\/p>\n<p>Para finalizar, cuenta que <strong>\u00abha habido reuniones, algunas m\u00e1s formales y otras menos formales. Pero de directorio, dos\u00bb y que en lo pr\u00f3ximo no hay citaciones para abordar el actual momento\u00bb.<\/strong><\/p>\n<p>\u00a0<\/p>\n<p>\u00a0<\/p>\n<p>\u00a0<\/p>\n","protected":false},"excerpt":{"rendered":"<p>Los rostros que arribaron a Azul Azul comienzan a sacar la voz, ya fue el turno de Tamara Agnic en el Diario Financiero, y hoy el de Roberto Nahum en El Mercurio. Eso si, Nahum es una cara conocida, ya estuvo 10 a\u00f1os en el directorio hasta el 2017 bajo el alero de la casa [&#8230;]<\/p>\n","protected":false},"author":65,"featured_media":18156,"comment_status":"closed","ping_status":"open","sticky":false,"template":"","format":"standard","meta":{"footnotes":""},"categories":[18],"tags":[174,1772,1771,1721,1773],"class_list":{"0":"post-18155","1":"post","2":"type-post","3":"status-publish","4":"format-standard","5":"has-post-thumbnail","7":"category-actualidad","8":"tag-azul-azul","9":"tag-director","10":"tag-roberto-nahum","11":"tag-sartor","12":"tag-tactical-sport"},"_links":{"self":[{"href":"http:\/\/www.rincondelbulla.cl\/portal\/wp-json\/wp\/v2\/posts\/18155","targetHints":{"allow":["GET"]}}],"collection":[{"href":"http:\/\/www.rincondelbulla.cl\/portal\/wp-json\/wp\/v2\/posts"}],"about":[{"href":"http:\/\/www.rincondelbulla.cl\/portal\/wp-json\/wp\/v2\/types\/post"}],"author":[{"embeddable":true,"href":"http:\/\/www.rincondelbulla.cl\/portal\/wp-json\/wp\/v2\/users\/65"}],"replies":[{"embeddable":true,"href":"http:\/\/www.rincondelbulla.cl\/portal\/wp-json\/wp\/v2\/comments?post=18155"}],"version-history":[{"count":1,"href":"http:\/\/www.rincondelbulla.cl\/portal\/wp-json\/wp\/v2\/posts\/18155\/revisions"}],"predecessor-version":[{"id":18157,"href":"http:\/\/www.rincondelbulla.cl\/portal\/wp-json\/wp\/v2\/posts\/18155\/revisions\/18157"}],"wp:featuredmedia":[{"embeddable":true,"href":"http:\/\/www.rincondelbulla.cl\/portal\/wp-json\/wp\/v2\/media\/18156"}],"wp:attachment":[{"href":"http:\/\/www.rincondelbulla.cl\/portal\/wp-json\/wp\/v2\/media?parent=18155"}],"wp:term":[{"taxonomy":"category","embeddable":true,"href":"http:\/\/www.rincondelbulla.cl\/portal\/wp-json\/wp\/v2\/categories?post=18155"},{"taxonomy":"post_tag","embeddable":true,"href":"http:\/\/www.rincondelbulla.cl\/portal\/wp-json\/wp\/v2\/tags?post=18155"}],"curies":[{"name":"wp","href":"https:\/\/api.w.org\/{rel}","templated":true}]}}