{"id":18189,"date":"2021-07-22T13:22:58","date_gmt":"2021-07-22T17:22:58","guid":{"rendered":"http:\/\/www.rincondelbulla.cl\/portal\/?p=18189"},"modified":"2021-07-22T13:23:54","modified_gmt":"2021-07-22T17:23:54","slug":"joaquin-larrivey-todavia-no-estamos-ni-cerca-de-lo-que-podemos-dar","status":"publish","type":"post","link":"http:\/\/www.rincondelbulla.cl\/portal\/2021\/07\/22\/joaquin-larrivey-todavia-no-estamos-ni-cerca-de-lo-que-podemos-dar\/","title":{"rendered":"Joaqu\u00edn Larrivey: \u00abTodav\u00eda no estamos ni cerca de lo que podemos dar\u00bb"},"content":{"rendered":"\n<p>Tras anotarle un doblete a Melipilla, Joaqu\u00edn Larrivey sigue consagrando su figura como pieza fundamental de esta Universidad de Chile que debe mejorar bastante, algo que coment\u00f3 hoy en conferencia de prensa.<\/p>\n<p>\u00abHay cosas por mejorar, el margen de mejora es amplio, pero creo que hicimos un buen partido, m\u00e1s all\u00e1 de las dos jugadas en el travesa\u00f1o que fueron muy claras, no generaron peligro en ning\u00fan momento. Creo que nos est\u00e1 faltando de 3\/4 para arriba ser m\u00e1s claro. Pero me parece que hicimos un partido s\u00f3lido\u00bb, dijo sobre el encuentro reci\u00e9n pasado.<\/p>\n<p>El delantero insiste en que hay mucho por mejorar, y sobretodo pensando an la oportunidad de pelear algo importante. \u00ab<strong>Hoy nos falta mejor, que el equipo eleve su potencial<\/strong>, que cada uno haga una autocr\u00edtica, que aceptemos lo que nos dice el compa\u00f1ero y que es para sacar un mejor rendimiento de nosotros. <strong>Todav\u00eda no estamos ni cerca de lo que podemos dar, y esa es la parte optimista de mi, si estamos a 5 puntos del l\u00edder, me parece que mejorando muchas cosas y que tenemos las condiciones de hacerlo, vamos a pelear un t\u00edtulo<\/strong>\u00ab, a\u00f1adi\u00f3.<\/p>\n<p>Sobre su posible renovaci\u00f3n, y compar\u00e1ndolo con lo que viv\u00f3 Montillo hace unos meses, Larrivey dice que \u00abme parece que la situaci\u00f3in en general es distinta, fundamentalmente porque Walter quer\u00eda finalizar su carrera ac\u00e1. <strong>La sensaci\u00f3n que tengo es que estoy haciendo las cosas bien, y no solo en cuanto a los goles que es lo que la gente ve<\/strong>. Me siento valorado desde muchos puntos de vista\u00bb.\u00a0<\/p>\n<p><strong>Sobre si existen conversaciones, el delantero dice que de momento \u00abNo, porque eso se lo dejo a mi representante, que est\u00e1 empezando ese dialogo.<\/strong> Yo me enfoc\u00f3 en jugar, hay tiempo por delante, pero a diferencia de Walter <strong>mi idea es seguir jugando, ojal\u00e1 que sea ac\u00e1, la preioridad la tiene la U porque mi familia est\u00e1 feli ac\u00e1, yo estoy c\u00f3modo y me siento valorado.<\/strong> Ojal\u00e1 que sea ac\u00e1, sino agradecido de poder vestir esta camiseta y seguir\u00e9 mi camino, porque siento que puedo seguir aportando\u00bb.<\/p>\n<h2><strong>Otras declaraciones<\/strong><\/h2>\n<p><strong>Delanteros<\/strong>: Los que estamos me parecen que lo estamos haciendo bien, me parece que nos est\u00e1 faltando m\u00e1s la gestaci\u00f3n de la jugada mas que de la finalizaci\u00f3n, pero no tengo dudas que en lo que viene van a empezar a convertir otros compa\u00f1eros, es circunstancial, lo vamos a hacer mejor porque el margen de mejora es muy amplio.<\/p>\n<p><strong>\u00bfNuevo compa\u00f1ero en ofensiva?<\/strong>: Una de mis virtudes es poder acomodarme a lo que el entrenador prefiera. Uno siempre quiere estar, no ver con qui\u00e9n me acomoda mejor, me parece que esa es una tarea del entrenador.<\/p>\n<p><strong>Salida de Del Pino<\/strong>: Siempre le voy a a desear lo mejor, porque es un gran jugador y una persona extraordinaria. Si se va, siempre lo seguir\u00e9 y le desear\u00e9 todo el bien del mundo porque lo merece.<\/p>\n<p><div class=\"youtube-embed\" data-video_id=\"wHgYotcdjbU\"><iframe loading=\"lazy\" title=\"[EN VIVO] Joaqu\u00edn Larrivey habla con la prensa en el CDA\" width=\"696\" height=\"392\" src=\"https:\/\/www.youtube.com\/embed\/wHgYotcdjbU?start=5&#038;feature=oembed\" frameborder=\"0\" allow=\"accelerometer; autoplay; clipboard-write; encrypted-media; gyroscope; picture-in-picture\" allowfullscreen><\/iframe><\/div><\/p>\n<p>\u00a0<\/p>\n","protected":false},"excerpt":{"rendered":"<p>Tras anotarle un doblete a Melipilla, Joaqu\u00edn Larrivey sigue consagrando su figura como pieza fundamental de esta Universidad de Chile que debe mejorar bastante, algo que coment\u00f3 hoy en conferencia de prensa. \u00abHay cosas por mejorar, el margen de mejora es amplio, pero creo que hicimos un buen partido, m\u00e1s all\u00e1 de las dos jugadas [&#8230;]<\/p>\n","protected":false},"author":65,"featured_media":18194,"comment_status":"closed","ping_status":"open","sticky":false,"template":"","format":"standard","meta":{"footnotes":""},"categories":[18],"tags":[1675,274,498,294],"class_list":{"0":"post-18189","1":"post","2":"type-post","3":"status-publish","4":"format-standard","5":"has-post-thumbnail","7":"category-actualidad","8":"tag-joaquin-larrivey","9":"tag-montillo","10":"tag-renovacion","11":"tag-u-de-chile"},"_links":{"self":[{"href":"http:\/\/www.rincondelbulla.cl\/portal\/wp-json\/wp\/v2\/posts\/18189","targetHints":{"allow":["GET"]}}],"collection":[{"href":"http:\/\/www.rincondelbulla.cl\/portal\/wp-json\/wp\/v2\/posts"}],"about":[{"href":"http:\/\/www.rincondelbulla.cl\/portal\/wp-json\/wp\/v2\/types\/post"}],"author":[{"embeddable":true,"href":"http:\/\/www.rincondelbulla.cl\/portal\/wp-json\/wp\/v2\/users\/65"}],"replies":[{"embeddable":true,"href":"http:\/\/www.rincondelbulla.cl\/portal\/wp-json\/wp\/v2\/comments?post=18189"}],"version-history":[{"count":1,"href":"http:\/\/www.rincondelbulla.cl\/portal\/wp-json\/wp\/v2\/posts\/18189\/revisions"}],"predecessor-version":[{"id":18192,"href":"http:\/\/www.rincondelbulla.cl\/portal\/wp-json\/wp\/v2\/posts\/18189\/revisions\/18192"}],"wp:featuredmedia":[{"embeddable":true,"href":"http:\/\/www.rincondelbulla.cl\/portal\/wp-json\/wp\/v2\/media\/18194"}],"wp:attachment":[{"href":"http:\/\/www.rincondelbulla.cl\/portal\/wp-json\/wp\/v2\/media?parent=18189"}],"wp:term":[{"taxonomy":"category","embeddable":true,"href":"http:\/\/www.rincondelbulla.cl\/portal\/wp-json\/wp\/v2\/categories?post=18189"},{"taxonomy":"post_tag","embeddable":true,"href":"http:\/\/www.rincondelbulla.cl\/portal\/wp-json\/wp\/v2\/tags?post=18189"}],"curies":[{"name":"wp","href":"https:\/\/api.w.org\/{rel}","templated":true}]}}