{"id":18203,"date":"2021-07-26T18:05:23","date_gmt":"2021-07-26T22:05:23","guid":{"rendered":"http:\/\/www.rincondelbulla.cl\/portal\/?p=18203"},"modified":"2021-07-26T18:05:25","modified_gmt":"2021-07-26T22:05:25","slug":"informe-arbitral-revelo-insultos-de-fernando-de-paul","status":"publish","type":"post","link":"http:\/\/www.rincondelbulla.cl\/portal\/2021\/07\/26\/informe-arbitral-revelo-insultos-de-fernando-de-paul\/","title":{"rendered":"Informe arbitral revel\u00f3 insultos de Fernando de Paul"},"content":{"rendered":"\n<p>Tras falta de Leandro Benegas y revisi\u00f3n del VAR, este impugn\u00f3 la tarjeta roja recibida por el jugador curicano, pero eso no dej\u00f3 satisfecho a todos.<\/p>\n<p>Fue Fernando de Paul, capit\u00e1n de la \u00abU\u00bb quien corri\u00f3 desde su arco a la zona media del cmapo de juego para reclamarle al \u00e1rbitro.<\/p>\n<p><strong>El portero no estuvo de acuerdo y tras el reclamo lanz\u00f3 una botella, recibi\u00f3 tarjeta amarilla y los reclamos siguieron, momento en que recibi\u00f3 la tarjeta roja.<\/strong><\/p>\n<p>Saliendo de la cancha tambi\u00e9n insult\u00f3 al cuarto \u00e1rbitro, lo que dej\u00f3 las dudas sobre si esto podr\u00eda repercutir en una sanci\u00f3n disciplinaria.<\/p>\n<p>As\u00ed lo clarific\u00f3 el informe arbitral entregado en esta jornada. \u00abSr. Fernando De Paul, por doble amonestaci\u00f3n, desaprobar con acciones un cobro referil, (lanza una botella de agua al piso en se\u00f1al de desaprobaci\u00f3n al minuto 72). <strong>Una vez expulsado, cuando se dirige a vestuarios agrede verbalmente al cuarto \u00e1rbitro Sr. Cristian Galaz, diciendo &#8216;quieres ser protagonista, que me vienes a apurar ac\u00e1 pelotudo, conchadetumadre&#8217;<\/strong>\u00ab, sentencia.<\/p>\n<p>Habr\u00e1 que esperar si a ra\u00edz de esto se pronuncia el tribunal de disciplina y da m\u00e1s de alguna fecha al portero azul.<\/p>\n","protected":false},"excerpt":{"rendered":"<p>Tras falta de Leandro Benegas y revisi\u00f3n del VAR, este impugn\u00f3 la tarjeta roja recibida por el jugador curicano, pero eso no dej\u00f3 satisfecho a todos. Fue Fernando de Paul, capit\u00e1n de la \u00abU\u00bb quien corri\u00f3 desde su arco a la zona media del cmapo de juego para reclamarle al \u00e1rbitro. El portero no estuvo [&#8230;]<\/p>\n","protected":false},"author":65,"featured_media":18204,"comment_status":"closed","ping_status":"open","sticky":false,"template":"","format":"standard","meta":{"footnotes":""},"categories":[18],"tags":[1549,855,1780,294],"class_list":{"0":"post-18203","1":"post","2":"type-post","3":"status-publish","4":"format-standard","5":"has-post-thumbnail","7":"category-actualidad","8":"tag-expulsion","9":"tag-fernando-de-paul","10":"tag-insultos","11":"tag-u-de-chile"},"_links":{"self":[{"href":"http:\/\/www.rincondelbulla.cl\/portal\/wp-json\/wp\/v2\/posts\/18203","targetHints":{"allow":["GET"]}}],"collection":[{"href":"http:\/\/www.rincondelbulla.cl\/portal\/wp-json\/wp\/v2\/posts"}],"about":[{"href":"http:\/\/www.rincondelbulla.cl\/portal\/wp-json\/wp\/v2\/types\/post"}],"author":[{"embeddable":true,"href":"http:\/\/www.rincondelbulla.cl\/portal\/wp-json\/wp\/v2\/users\/65"}],"replies":[{"embeddable":true,"href":"http:\/\/www.rincondelbulla.cl\/portal\/wp-json\/wp\/v2\/comments?post=18203"}],"version-history":[{"count":1,"href":"http:\/\/www.rincondelbulla.cl\/portal\/wp-json\/wp\/v2\/posts\/18203\/revisions"}],"predecessor-version":[{"id":18205,"href":"http:\/\/www.rincondelbulla.cl\/portal\/wp-json\/wp\/v2\/posts\/18203\/revisions\/18205"}],"wp:featuredmedia":[{"embeddable":true,"href":"http:\/\/www.rincondelbulla.cl\/portal\/wp-json\/wp\/v2\/media\/18204"}],"wp:attachment":[{"href":"http:\/\/www.rincondelbulla.cl\/portal\/wp-json\/wp\/v2\/media?parent=18203"}],"wp:term":[{"taxonomy":"category","embeddable":true,"href":"http:\/\/www.rincondelbulla.cl\/portal\/wp-json\/wp\/v2\/categories?post=18203"},{"taxonomy":"post_tag","embeddable":true,"href":"http:\/\/www.rincondelbulla.cl\/portal\/wp-json\/wp\/v2\/tags?post=18203"}],"curies":[{"name":"wp","href":"https:\/\/api.w.org\/{rel}","templated":true}]}}