{"id":18206,"date":"2021-07-27T13:13:36","date_gmt":"2021-07-27T17:13:36","guid":{"rendered":"http:\/\/www.rincondelbulla.cl\/portal\/?p=18206"},"modified":"2021-07-27T13:13:37","modified_gmt":"2021-07-27T17:13:37","slug":"franco-lobos-si-ganamos-estos-dos-partidos-nos-dara-un-envion-animico","status":"publish","type":"post","link":"http:\/\/www.rincondelbulla.cl\/portal\/2021\/07\/27\/franco-lobos-si-ganamos-estos-dos-partidos-nos-dara-un-envion-animico\/","title":{"rendered":"Franco Lobos: \u00abSi ganamos estos dos partidos nos dar\u00e1 un envi\u00f3n an\u00edmico\u00bb"},"content":{"rendered":"\n<p>Una semana importante es la que se le avecina a la \u00abU\u00bb, tras vencer a Melipilla y Curic\u00f3, ahora asoma \u00d1ublense y la Cat\u00f3lica.<\/p>\n<p>Esto mismo coment\u00f3 Franco Lobos esta tarde en conferencia de prensa. \u00ab<strong>Nos llena de energ\u00eda, confianza y motivacion hacer las cosas bien. Siempre es bueno llegar a un partido despues de haber ganado otro<\/strong>\u00ab, se\u00f1al\u00f3.<\/p>\n<p>\u00ab<strong>Si ganamos estos dos partidos nos dar\u00e1 un envi\u00f3n an\u00edmico y se ver\u00e1 reflejado en la tabla.<\/strong> Queremos ganar todo, pero estos dos partidos tenemos que ponerle un nefasis distinto porque nos podemos ir a pelear en la parte alta de la tabla\u00bb, agreg\u00f3 Lobos.<\/p>\n<p>Pero este jueves, el duelo tendr\u00e1 un tinte especial, <strong>enfrentar a Nicol\u00e1s\u00a0 Guerra<\/strong>, ex delantero azul y formado en la cantera. \u00abCon el Nico tenemos muy buena relaci\u00f3n, nos conocemos desde muy chicos,<strong> creo que va a ser un encuentro muy especial, sobretodo para \u00e9l que nos va a enfrentar y va a ver muchas caras conocidas<\/strong>\u00ab, cont\u00f3 Franco.<\/p>\n<p>Entrando a un tema m\u00e1s personal, el delantero dijo que fisicamente \u00abme siento preparado y estoy tomando todos los resguardos. Estoy haciendo todo de la manera adecuada, no dejo nada al azar, estoy preparado y siempre salgo con hielo para prevenir cualquier cosa que pudiese pasar\u00bb.<\/p>\n<h2><strong>Otras declaraciones<\/strong><\/h2>\n<p><strong>Camino largo<\/strong>: \u00abAl principio cuando llegue de Espa\u00f1a ven\u00eda con ilusion de jugar un poco mas, pero por distintas circunstancias no se me dio y me fui a prestamo. Me ha costado, he sudado harto para llegar a donde estoy. Tengo que seguir jugando, mostr\u00e1ndome y aportando a este equipo, y reci\u00e9n as\u00ed poder ganarme una camiseta bien. He jugado en las tres posiciones de ataque, generalmente me siento m\u00e1s c\u00f3modo por fuera, pero en realidad me da un poco lo mismo\u00bb.<\/p>\n<p><strong>Larrivey<\/strong>: \u00abJugar con Larri es un lujo, hay que disfrutarlo porque todo lo que hace lo hace bien, es determinante a la hora de definir jugadas, me gustar\u00eda que se quedara pero esos temas no pasan por mi\u00bb.<\/p>\n<p><strong>Expulsi\u00f3n de De Paul<\/strong>: \u00abLo de Fernando lo entiendo, la calentura del partido le puede pasar a cualquiera, es algo que conversamos y est\u00e1 solucionado\u00bb.<\/p>\n<p><div class=\"youtube-embed\" data-video_id=\"VgF3OEaq87E\"><iframe loading=\"lazy\" title=\"[EN VIVO]\u00a0Franco Lobos habla con la prensa en el CDA\" width=\"696\" height=\"392\" src=\"https:\/\/www.youtube.com\/embed\/VgF3OEaq87E?feature=oembed&#038;enablejsapi=1\" frameborder=\"0\" allow=\"accelerometer; autoplay; clipboard-write; encrypted-media; gyroscope; picture-in-picture\" allowfullscreen><\/iframe><\/div><\/p>\n<p>\u00a0<\/p>\n<p>\u00a0<\/p>\n<p>\u00a0<\/p>\n<p>\u00a0<\/p>\n<p>\u00a0<\/p>\n<p>\u00a0<\/p>\n<p>\u00a0<\/p>\n<p>\u00a0<\/p>\n<p>\u00a0<\/p>\n","protected":false},"excerpt":{"rendered":"<p>Una semana importante es la que se le avecina a la \u00abU\u00bb, tras vencer a Melipilla y Curic\u00f3, ahora asoma \u00d1ublense y la Cat\u00f3lica. Esto mismo coment\u00f3 Franco Lobos esta tarde en conferencia de prensa. \u00abNos llena de energ\u00eda, confianza y motivacion hacer las cosas bien. Siempre es bueno llegar a un partido despues de [&#8230;]<\/p>\n","protected":false},"author":65,"featured_media":18207,"comment_status":"closed","ping_status":"open","sticky":false,"template":"","format":"standard","meta":{"footnotes":""},"categories":[18],"tags":[623,1161,198,294],"class_list":{"0":"post-18206","1":"post","2":"type-post","3":"status-publish","4":"format-standard","5":"has-post-thumbnail","7":"category-actualidad","8":"tag-franco-lobos","9":"tag-nicolas-guerra","10":"tag-nublense","11":"tag-u-de-chile"},"_links":{"self":[{"href":"http:\/\/www.rincondelbulla.cl\/portal\/wp-json\/wp\/v2\/posts\/18206","targetHints":{"allow":["GET"]}}],"collection":[{"href":"http:\/\/www.rincondelbulla.cl\/portal\/wp-json\/wp\/v2\/posts"}],"about":[{"href":"http:\/\/www.rincondelbulla.cl\/portal\/wp-json\/wp\/v2\/types\/post"}],"author":[{"embeddable":true,"href":"http:\/\/www.rincondelbulla.cl\/portal\/wp-json\/wp\/v2\/users\/65"}],"replies":[{"embeddable":true,"href":"http:\/\/www.rincondelbulla.cl\/portal\/wp-json\/wp\/v2\/comments?post=18206"}],"version-history":[{"count":1,"href":"http:\/\/www.rincondelbulla.cl\/portal\/wp-json\/wp\/v2\/posts\/18206\/revisions"}],"predecessor-version":[{"id":18208,"href":"http:\/\/www.rincondelbulla.cl\/portal\/wp-json\/wp\/v2\/posts\/18206\/revisions\/18208"}],"wp:featuredmedia":[{"embeddable":true,"href":"http:\/\/www.rincondelbulla.cl\/portal\/wp-json\/wp\/v2\/media\/18207"}],"wp:attachment":[{"href":"http:\/\/www.rincondelbulla.cl\/portal\/wp-json\/wp\/v2\/media?parent=18206"}],"wp:term":[{"taxonomy":"category","embeddable":true,"href":"http:\/\/www.rincondelbulla.cl\/portal\/wp-json\/wp\/v2\/categories?post=18206"},{"taxonomy":"post_tag","embeddable":true,"href":"http:\/\/www.rincondelbulla.cl\/portal\/wp-json\/wp\/v2\/tags?post=18206"}],"curies":[{"name":"wp","href":"https:\/\/api.w.org\/{rel}","templated":true}]}}