{"id":18228,"date":"2021-08-02T13:13:26","date_gmt":"2021-08-02T17:13:26","guid":{"rendered":"http:\/\/www.rincondelbulla.cl\/portal\/?p=18228"},"modified":"2021-08-02T13:13:27","modified_gmt":"2021-08-02T17:13:27","slug":"la-u-confirma-a-luis-roggiero-como-su-nuevo-gerente-deportivo","status":"publish","type":"post","link":"http:\/\/www.rincondelbulla.cl\/portal\/2021\/08\/02\/la-u-confirma-a-luis-roggiero-como-su-nuevo-gerente-deportivo\/","title":{"rendered":"La \u00abU\u00bb confirma a Luis Roggiero como su nuevo Gerente Deportivo"},"content":{"rendered":"\n<p>Luego de semanas de que si y que no, <strong>la Universidad de Chile confirm\u00f3 a su nuevo Gerente Deportivo: Luis Roggiero Luzuriaga.<\/strong><\/p>\n<p>Seg\u00fan expresa el club en un comunicado emitido en esta jornada, <strong>el ecuatoriano asumir\u00e1 sus labores en septiembre de este a\u00f1o<\/strong>.<\/p>\n<p>El trabajo de Roggiero ser\u00e1 \u00abencabezar un proceso a mediano y largo plazo para fortalecer todas nuestras \u00e1reas de f\u00fatbol\u00bb, adem\u00e1s de \u00ab<strong>construir equipos de trabajo y dise\u00f1ar e implementar procesos<\/strong>, que ser\u00e1n materializados de la manera m\u00e1s sistem\u00e1tica posible a fin de sentar bases que lleven a resultados exitosos\u00bb.<\/p>\n<p>Dentro del comunicado, la \u00abU\u00bb destac\u00f3 su trabajo en Independiente del Valle, donde consigui\u00f3 importantes resultados.<\/p>\n<p>\u00a0<\/p>\n","protected":false},"excerpt":{"rendered":"<p>Luego de semanas de que si y que no, la Universidad de Chile confirm\u00f3 a su nuevo Gerente Deportivo: Luis Roggiero Luzuriaga. Seg\u00fan expresa el club en un comunicado emitido en esta jornada, el ecuatoriano asumir\u00e1 sus labores en septiembre de este a\u00f1o. El trabajo de Roggiero ser\u00e1 \u00abencabezar un proceso a mediano y largo [&#8230;]<\/p>\n","protected":false},"author":65,"featured_media":18229,"comment_status":"closed","ping_status":"open","sticky":false,"template":"","format":"standard","meta":{"footnotes":""},"categories":[18],"tags":[1072,1764,294],"class_list":{"0":"post-18228","1":"post","2":"type-post","3":"status-publish","4":"format-standard","5":"has-post-thumbnail","7":"category-actualidad","8":"tag-gerente-deportivo","9":"tag-luis-roggiero","10":"tag-u-de-chile"},"_links":{"self":[{"href":"http:\/\/www.rincondelbulla.cl\/portal\/wp-json\/wp\/v2\/posts\/18228","targetHints":{"allow":["GET"]}}],"collection":[{"href":"http:\/\/www.rincondelbulla.cl\/portal\/wp-json\/wp\/v2\/posts"}],"about":[{"href":"http:\/\/www.rincondelbulla.cl\/portal\/wp-json\/wp\/v2\/types\/post"}],"author":[{"embeddable":true,"href":"http:\/\/www.rincondelbulla.cl\/portal\/wp-json\/wp\/v2\/users\/65"}],"replies":[{"embeddable":true,"href":"http:\/\/www.rincondelbulla.cl\/portal\/wp-json\/wp\/v2\/comments?post=18228"}],"version-history":[{"count":1,"href":"http:\/\/www.rincondelbulla.cl\/portal\/wp-json\/wp\/v2\/posts\/18228\/revisions"}],"predecessor-version":[{"id":18230,"href":"http:\/\/www.rincondelbulla.cl\/portal\/wp-json\/wp\/v2\/posts\/18228\/revisions\/18230"}],"wp:featuredmedia":[{"embeddable":true,"href":"http:\/\/www.rincondelbulla.cl\/portal\/wp-json\/wp\/v2\/media\/18229"}],"wp:attachment":[{"href":"http:\/\/www.rincondelbulla.cl\/portal\/wp-json\/wp\/v2\/media?parent=18228"}],"wp:term":[{"taxonomy":"category","embeddable":true,"href":"http:\/\/www.rincondelbulla.cl\/portal\/wp-json\/wp\/v2\/categories?post=18228"},{"taxonomy":"post_tag","embeddable":true,"href":"http:\/\/www.rincondelbulla.cl\/portal\/wp-json\/wp\/v2\/tags?post=18228"}],"curies":[{"name":"wp","href":"https:\/\/api.w.org\/{rel}","templated":true}]}}