{"id":18232,"date":"2021-08-03T14:18:47","date_gmt":"2021-08-03T18:18:47","guid":{"rendered":"http:\/\/www.rincondelbulla.cl\/portal\/?p=18232"},"modified":"2021-08-03T14:18:49","modified_gmt":"2021-08-03T18:18:49","slug":"cristobal-campos-mi-objetivo-es-la-lucha-por-el-primer-puesto","status":"publish","type":"post","link":"http:\/\/www.rincondelbulla.cl\/portal\/2021\/08\/03\/cristobal-campos-mi-objetivo-es-la-lucha-por-el-primer-puesto\/","title":{"rendered":"Crist\u00f3bal Campos: \u00abMi objetivo es la lucha por el primer puesto\u00bb"},"content":{"rendered":"\n<p>Titularidad en Copa Chile, su debut por Libertadores y el Cl\u00e1sico Universitario son los pasos que ha dado Crist\u00f3bal Campos, el canterano que se empodera a la hora de ponerse en el arco de la \u00abU\u00bb.<\/p>\n<p>Justamente, el triunfo ante la UC es su primer gran triunfo. \u00ab<strong>Fue una sensaci\u00f3n muy linda disfrutar despu\u00e9s del pitazo final junto a tus compa\u00f1eros y la gente detr\u00e1s de todo esto<\/strong>, la que nos fue a dar el apoyo al hotel. Hay que apuntar m\u00e1s arriba y seguir trabajando en base al resultado\u00bb, coment\u00f3 hoy en conferencia de prensa.<\/p>\n<p>Adem\u00e1s, agreg\u00f3 un condimento especial por ser un cl\u00e1sico donde hubo varios canteranos. \u00ab<strong>Como siempre digo que los de abajo siempre van a estar preparados para asumir en el plantel profesional<\/strong>, no hay excusas, y hoy solo queda disfrutar junto a los canteranos que estuvimos en cancha\u00bb, dijo.<\/p>\n<p>Por lo mismo asume que este \u00abha sido un camino dificil hasta hoy y lo he podido disfrutar, mas con el cl\u00e1sico, qu era algo que esperaba. El objetivo a corto plazo va a ser seguir sumando desde lo correctivo que debo hacer y llegar bien al partido del finde semana.<strong> Mi objetivo es la lucha por el primer puesto, todos queremos jugar, estar y eso es lo lindo que te plantea el d\u00eda a d\u00eda con el compa\u00f1ero de posici\u00f3n<\/strong>\u00ab.<\/p>\n<h2><strong>Otras declaraciones<\/strong><\/h2>\n<p><strong>Preparaci\u00f3n<\/strong>: \u00abViene desde hace mucho tiempo, tuve que hacer una gran programaci\u00f3n durante mis d\u00edas en ese a\u00f1o y medio que no pude jugar. Me prepar\u00e9 de la mejor manera posible en el club y en casa. Mas all\u00e1 de todo, se ve en cancha lo que pueda ser un resultado, y el margen de error que pueda tener uno. No es una excusa estar un a\u00f1o y medio parado, siempre tenemos que estar bien preparados\u00bb<\/p>\n<p><strong>Comentarios<\/strong>: \u00abTodo lo positivo me va a sumar, el buen comentario, el mensaje del hincha, me va a servir mucho para mejorar d\u00eda d\u00eda. Esto es paso a paso, llevo la nada de partidos y quiero crecer en base a eso, a estar en buenas instancias como el cl\u00e1sico\u00bb.\u00a0<\/p>\n<p><strong>Renovaci\u00f3n<\/strong>: \u00abMe restan 9 o 10 meses de mi contrato, pero hoy tenemos que enfocarnos en lo que es la semana y tratar de competir en este campeonato\u00bb.<\/p>\n<p><div class=\"youtube-embed\" data-video_id=\"q9xfVtLSPXU\"><iframe loading=\"lazy\" title=\"[EN VIVO] Crist\u00f3bal Campos habla con la prensa en el CDA\" width=\"696\" height=\"392\" src=\"https:\/\/www.youtube.com\/embed\/q9xfVtLSPXU?start=614&#038;feature=oembed\" frameborder=\"0\" allow=\"accelerometer; autoplay; clipboard-write; encrypted-media; gyroscope; picture-in-picture\" allowfullscreen><\/iframe><\/div><\/p>\n","protected":false},"excerpt":{"rendered":"<p>Titularidad en Copa Chile, su debut por Libertadores y el Cl\u00e1sico Universitario son los pasos que ha dado Crist\u00f3bal Campos, el canterano que se empodera a la hora de ponerse en el arco de la \u00abU\u00bb. Justamente, el triunfo ante la UC es su primer gran triunfo. \u00abFue una sensaci\u00f3n muy linda disfrutar despu\u00e9s del [&#8230;]<\/p>\n","protected":false},"author":65,"featured_media":18233,"comment_status":"closed","ping_status":"open","sticky":false,"template":"","format":"standard","meta":{"footnotes":""},"categories":[18],"tags":[786,1782,294],"class_list":{"0":"post-18232","1":"post","2":"type-post","3":"status-publish","4":"format-standard","5":"has-post-thumbnail","7":"category-actualidad","8":"tag-arquero","9":"tag-cristobal-campos","10":"tag-u-de-chile"},"_links":{"self":[{"href":"http:\/\/www.rincondelbulla.cl\/portal\/wp-json\/wp\/v2\/posts\/18232","targetHints":{"allow":["GET"]}}],"collection":[{"href":"http:\/\/www.rincondelbulla.cl\/portal\/wp-json\/wp\/v2\/posts"}],"about":[{"href":"http:\/\/www.rincondelbulla.cl\/portal\/wp-json\/wp\/v2\/types\/post"}],"author":[{"embeddable":true,"href":"http:\/\/www.rincondelbulla.cl\/portal\/wp-json\/wp\/v2\/users\/65"}],"replies":[{"embeddable":true,"href":"http:\/\/www.rincondelbulla.cl\/portal\/wp-json\/wp\/v2\/comments?post=18232"}],"version-history":[{"count":1,"href":"http:\/\/www.rincondelbulla.cl\/portal\/wp-json\/wp\/v2\/posts\/18232\/revisions"}],"predecessor-version":[{"id":18234,"href":"http:\/\/www.rincondelbulla.cl\/portal\/wp-json\/wp\/v2\/posts\/18232\/revisions\/18234"}],"wp:featuredmedia":[{"embeddable":true,"href":"http:\/\/www.rincondelbulla.cl\/portal\/wp-json\/wp\/v2\/media\/18233"}],"wp:attachment":[{"href":"http:\/\/www.rincondelbulla.cl\/portal\/wp-json\/wp\/v2\/media?parent=18232"}],"wp:term":[{"taxonomy":"category","embeddable":true,"href":"http:\/\/www.rincondelbulla.cl\/portal\/wp-json\/wp\/v2\/categories?post=18232"},{"taxonomy":"post_tag","embeddable":true,"href":"http:\/\/www.rincondelbulla.cl\/portal\/wp-json\/wp\/v2\/tags?post=18232"}],"curies":[{"name":"wp","href":"https:\/\/api.w.org\/{rel}","templated":true}]}}