{"id":18254,"date":"2021-08-13T15:06:31","date_gmt":"2021-08-13T19:06:31","guid":{"rendered":"http:\/\/www.rincondelbulla.cl\/portal\/?p=18254"},"modified":"2021-08-13T15:07:15","modified_gmt":"2021-08-13T19:07:15","slug":"fernanda-ramirez-vamos-a-seguir-trabajando-para-buscar-un-resultado-mejor","status":"publish","type":"post","link":"http:\/\/www.rincondelbulla.cl\/portal\/2021\/08\/13\/fernanda-ramirez-vamos-a-seguir-trabajando-para-buscar-un-resultado-mejor\/","title":{"rendered":"Fernanda Ram\u00edrez: \u00abVamos a seguir trabajando para buscar un resultado mejor\u00bb"},"content":{"rendered":"\n<p><em>Por Maximiliano C\u00e1rdenas<\/em><\/p>\n<p>La oficializaci\u00f3n del cambio de sede de la Copa Libertadores marc\u00f3 la conferencia de prensa de Fernanda Ram\u00edrez, jugadora de la Universidad de Chile, quienes enfrenta a Antofagasta este domingo.<\/p>\n<p>\u00ab<strong>Fue una sorpresa para mal, nos hubiese gustado que se jugar\u00e1 ac\u00e1, pero no cambia el trabajo del objetivo<\/strong>, independiente de donde juegue la copa da igual, <strong>vamos a seguir trabajando para buscar un resultado mejor, ojal\u00e1, del que tuvimos en Buenos Aires<\/strong>\u00ab, comoent\u00f3 la defensa azul.<\/p>\n<p>Al respecto profundiz\u00f3 en que \u00ab<strong>la local\u00eda te da un plus y le da visibilidad al f\u00fatbol femenino que claramente necesitamos. Es una l\u00e1stima que no podamos hacerla ac\u00e1<\/strong>, no s\u00e9 si ser\u00e1 desinter\u00e9s por falta de inter\u00e9s, creo que Conmebol tiene una gesti\u00f3n no muy buena. Esperemos que prontamente se pueda hacer ac\u00e1\u00bb.<\/p>\n<p>\u00abSe ha rumoreado harto respecto al Chile 2, seg\u00fan las bases del torneo el cupo debe ser para la U y esperemos que se respete eso. Si algo llegase a pasar estamos dispuesta a jugar un partido de igual forma que lo hicimos en febrero con Colo Colo\u00bb, agreg\u00f3 la Fe\u00f1a.<\/p>\n<p>Sobre el duelo de este domingo, la central coment\u00f3 lo que ser\u00e1 la ausencia de su compa\u00f1era Carla Guerrero. \u00ab<strong>Tenemos un grupo bastante amplio de compa\u00f1eras que est\u00e1n preparadas para suplir a Carla que no va a estar, en ese sentido nos hemos preparado bien y esperamos un buen resultado este domingo<\/strong>\u00ab.<\/p>\n<p>Para final, Ram\u00edrez indic\u00f3 que \u00ab<strong>hemos estado trabajando respecto a los errores que tuvimos en ese partido (empate ante Palestino), y siempre reforzando el arco en cero<\/strong>, tratando de mejorar eso, los dos goles que nos hicieron de tactica fija\u00bb.<\/p>\n<p><div class=\"youtube-embed\" data-video_id=\"ucCHPO7MKC4\"><iframe loading=\"lazy\" title=\"[EN VIVO] Fernanda Ram\u00edrez habla con la prensa en el CDA\" width=\"696\" height=\"392\" src=\"https:\/\/www.youtube.com\/embed\/ucCHPO7MKC4?feature=oembed&#038;enablejsapi=1\" frameborder=\"0\" allow=\"accelerometer; autoplay; clipboard-write; encrypted-media; gyroscope; picture-in-picture\" allowfullscreen><\/iframe><\/div><\/p>\n","protected":false},"excerpt":{"rendered":"<p>Por Maximiliano C\u00e1rdenas La oficializaci\u00f3n del cambio de sede de la Copa Libertadores marc\u00f3 la conferencia de prensa de Fernanda Ram\u00edrez, jugadora de la Universidad de Chile, quienes enfrenta a Antofagasta este domingo. \u00abFue una sorpresa para mal, nos hubiese gustado que se jugar\u00e1 ac\u00e1, pero no cambia el trabajo del objetivo, independiente de donde [&#8230;]<\/p>\n","protected":false},"author":1,"featured_media":18255,"comment_status":"closed","ping_status":"open","sticky":false,"template":"","format":"standard","meta":{"footnotes":""},"categories":[18],"tags":[365,1786,1757,294],"class_list":{"0":"post-18254","1":"post","2":"type-post","3":"status-publish","4":"format-standard","5":"has-post-thumbnail","7":"category-actualidad","8":"tag-antofagasta","9":"tag-copa-libertadores-femenina","10":"tag-fernanda-ramirez","11":"tag-u-de-chile"},"_links":{"self":[{"href":"http:\/\/www.rincondelbulla.cl\/portal\/wp-json\/wp\/v2\/posts\/18254","targetHints":{"allow":["GET"]}}],"collection":[{"href":"http:\/\/www.rincondelbulla.cl\/portal\/wp-json\/wp\/v2\/posts"}],"about":[{"href":"http:\/\/www.rincondelbulla.cl\/portal\/wp-json\/wp\/v2\/types\/post"}],"author":[{"embeddable":true,"href":"http:\/\/www.rincondelbulla.cl\/portal\/wp-json\/wp\/v2\/users\/1"}],"replies":[{"embeddable":true,"href":"http:\/\/www.rincondelbulla.cl\/portal\/wp-json\/wp\/v2\/comments?post=18254"}],"version-history":[{"count":2,"href":"http:\/\/www.rincondelbulla.cl\/portal\/wp-json\/wp\/v2\/posts\/18254\/revisions"}],"predecessor-version":[{"id":18257,"href":"http:\/\/www.rincondelbulla.cl\/portal\/wp-json\/wp\/v2\/posts\/18254\/revisions\/18257"}],"wp:featuredmedia":[{"embeddable":true,"href":"http:\/\/www.rincondelbulla.cl\/portal\/wp-json\/wp\/v2\/media\/18255"}],"wp:attachment":[{"href":"http:\/\/www.rincondelbulla.cl\/portal\/wp-json\/wp\/v2\/media?parent=18254"}],"wp:term":[{"taxonomy":"category","embeddable":true,"href":"http:\/\/www.rincondelbulla.cl\/portal\/wp-json\/wp\/v2\/categories?post=18254"},{"taxonomy":"post_tag","embeddable":true,"href":"http:\/\/www.rincondelbulla.cl\/portal\/wp-json\/wp\/v2\/tags?post=18254"}],"curies":[{"name":"wp","href":"https:\/\/api.w.org\/{rel}","templated":true}]}}