{"id":18263,"date":"2021-08-17T14:04:30","date_gmt":"2021-08-17T18:04:30","guid":{"rendered":"http:\/\/www.rincondelbulla.cl\/portal\/?p=18263"},"modified":"2021-08-17T14:04:31","modified_gmt":"2021-08-17T18:04:31","slug":"fernando-de-paul-y-las-criticas-que-hagan-lo-que-creen-que-esta-bien-a-traves-de-un-celular","status":"publish","type":"post","link":"http:\/\/www.rincondelbulla.cl\/portal\/2021\/08\/17\/fernando-de-paul-y-las-criticas-que-hagan-lo-que-creen-que-esta-bien-a-traves-de-un-celular\/","title":{"rendered":"Fernando de Paul y las cr\u00edticas: \u00abQue hagan lo que creen que est\u00e1 bien a trav\u00e9s de un celular\u00bb"},"content":{"rendered":"\n<p>Luego de su regreso al arco azul, Fernando de Paul inici\u00f3 la semana en conferencia de prensa, donde lament\u00f3 la derrota ante Cobresal, pero ya pone sus ojos en La Calera.<\/p>\n<p>\u00abSabemos que enfrentamos al l\u00edder, un equipo que viene siendo muy regular. Sabemos sus caracter\u00edsticas, un rival que va a proponer seguramente, <strong>nosotros con nuestras armas trataremos y estoy seguro que iremos a buscar un triunfo que nos dejar\u00eda a 3 puntos de ellos<\/strong>\u00ab, coment\u00f3.<\/p>\n<p>El portero abord\u00f3 muchos temas esn la jornada, uno de ellos las cr\u00edticas que ha recibido por parte del hincha. \u00abNo s\u00e9, aveces leo por casualidad o escucho que me est\u00e1n pegando por esto. Muchas cosas las inventan, o aveces escuchan por ah\u00ed que &#8216;De Paul hizo esto&#8217;, entoncen inventa que &#8216;De Paul es as\u00ed&#8217;. Tengo una teor\u00eda, <strong>para mi est\u00e1n aburridos, no tienen nada que hacer, y dicen bueno, &#8216;critiquemos a este hue\u00f3n del Tuto&#8217;, calculo que ser\u00e1 por eso.<\/strong> Es un club donde muchos quisieran estar, muchos quieren que est\u00e9n otros y el ambiente es as\u00ed, pero hay que adaptarse, saber donde uno est\u00e1 y dejarlos,<strong> que hagan lo que creen que est\u00e1 bien a trav\u00e9s de un celular<\/strong>\u00ab, sincer\u00f3.<\/p>\n<p>En la l\u00ednea de las cr\u00edticas y autocr\u00edticas, el \u00abTuto\u00bb tambi\u00e9n toc\u00f3 el tema de su expulsi\u00f3n y la sanci\u00f3n que se le dio. \u00abLo coonversamos con el plantel en general, yo si bien creo y lo dije, creo que fue injusto porque solo escuchan la parte que dice el informe del 4to \u00e1rbitro, lo encuentro totalmente injusto. <strong>Te presentas y le dices lo que pas\u00f3 pero parec\u00eda que tenian todo listo, como que es innecesario presentarse, mas ahora que es por zoom.<\/strong> Yo di igual mis disculpas ante el plantel, tambi\u00e9n habl\u00e9 individualemtne con algunos porque me gusta tener la opini\u00f3n de otros, porque eso. me sireve para hacer una autocr\u00edtica m\u00e1s profunda. <strong>Con el cuerpo t\u00e9cnico me hicieron saber que en alg\u00fan punto me habia equivocado<\/strong>, y donde senti el respaldo de ellos tambi\u00e9n, y que me lo digan de la forma que me lo dijo esteban. Hay \u00e1rbitros que vos podes hablar, incluso puedes subir el tono, incluso ellos lo hacen porque entienden la adrenalina del partido. Pero todo sirve para crecer\u00bb.<\/p>\n<h2><strong>Otras declaraciones<\/strong><\/h2>\n<p><strong>Renovaci\u00f3n:<\/strong> \u00abSigo pensando lo mismo, estamos en medio de un campeonato y trato de enfocarme en cada partido. Por suerte tengo gente que me acompa\u00f1a, que mas que representante es un amigo, y que se encarga de esa situaci\u00f3n para que yo me enfoque en jugar\u00bb.<\/p>\n<p><strong>Vuelta del p\u00fablico:<\/strong> \u00abFue algo muy lindo para nosotros, sabemos todo el tiempo que esperaron para poder ir al estadio, nosotros tambi\u00e9n lo necesitabamos, muchos chicos es primera vez que jugabamos con el publico de la U, estabamos todos ansiosos. Queremos que esto se vaya normalizando y podamos tener todo el publico como teniamos siempre\u00bb.\u00a0<\/p>\n<p><strong>Salida de la cancha:<\/strong> \u00abLamentable lo que pas\u00f3 en el final y lo voy a aclarar. No es excusa, pero me gusta contar todo. Cuando termina el partido est\u00e1 la bronca de perder pero siempre hicimos el ir a despedirnos de nuestro p\u00fablico. <strong>Termin\u00f3 el partido, la bronca esa y fuimos a conversar con el \u00e1rbitro, pero trat\u00f3 de muy mala manera a un compa\u00f1ero nuestro, joven, que no merece el trato que tuvo<\/strong>, nos dio mucha impotencia, es lo que dec\u00eda antes, esas cosas uno las dice y no se la creen. Cuatro o cino nos quedamos con mucha bronca por lo que hab\u00eda pasado y con todo eso cuando nos dimos cuenta ya nos hab\u00edamos ido la mayor\u00eda. Pedir disculpa, no es excusa para nada, no es que no valoremos a la gente, no es que no nos sentimos felices porque est\u00e9n. Nos pueden criticar de falta de respeto pero no es as\u00ed, estamos muy orgullsosos del hincha que tenemos, el pa\u00eds sabe lo que es el hincha de la U\u00bb.<\/p>\n<p>\u00a0<\/p>\n","protected":false},"excerpt":{"rendered":"<p>Luego de su regreso al arco azul, Fernando de Paul inici\u00f3 la semana en conferencia de prensa, donde lament\u00f3 la derrota ante Cobresal, pero ya pone sus ojos en La Calera. \u00abSabemos que enfrentamos al l\u00edder, un equipo que viene siendo muy regular. Sabemos sus caracter\u00edsticas, un rival que va a proponer seguramente, nosotros con [&#8230;]<\/p>\n","protected":false},"author":65,"featured_media":18265,"comment_status":"closed","ping_status":"open","sticky":false,"template":"","format":"standard","meta":{"footnotes":""},"categories":[18],"tags":[1789,1788,439,855,294],"class_list":{"0":"post-18263","1":"post","2":"type-post","3":"status-publish","4":"format-standard","5":"has-post-thumbnail","7":"category-actualidad","8":"tag-calera","9":"tag-criticas-2","10":"tag-curico","11":"tag-fernando-de-paul","12":"tag-u-de-chile"},"_links":{"self":[{"href":"http:\/\/www.rincondelbulla.cl\/portal\/wp-json\/wp\/v2\/posts\/18263","targetHints":{"allow":["GET"]}}],"collection":[{"href":"http:\/\/www.rincondelbulla.cl\/portal\/wp-json\/wp\/v2\/posts"}],"about":[{"href":"http:\/\/www.rincondelbulla.cl\/portal\/wp-json\/wp\/v2\/types\/post"}],"author":[{"embeddable":true,"href":"http:\/\/www.rincondelbulla.cl\/portal\/wp-json\/wp\/v2\/users\/65"}],"replies":[{"embeddable":true,"href":"http:\/\/www.rincondelbulla.cl\/portal\/wp-json\/wp\/v2\/comments?post=18263"}],"version-history":[{"count":2,"href":"http:\/\/www.rincondelbulla.cl\/portal\/wp-json\/wp\/v2\/posts\/18263\/revisions"}],"predecessor-version":[{"id":18266,"href":"http:\/\/www.rincondelbulla.cl\/portal\/wp-json\/wp\/v2\/posts\/18263\/revisions\/18266"}],"wp:featuredmedia":[{"embeddable":true,"href":"http:\/\/www.rincondelbulla.cl\/portal\/wp-json\/wp\/v2\/media\/18265"}],"wp:attachment":[{"href":"http:\/\/www.rincondelbulla.cl\/portal\/wp-json\/wp\/v2\/media?parent=18263"}],"wp:term":[{"taxonomy":"category","embeddable":true,"href":"http:\/\/www.rincondelbulla.cl\/portal\/wp-json\/wp\/v2\/categories?post=18263"},{"taxonomy":"post_tag","embeddable":true,"href":"http:\/\/www.rincondelbulla.cl\/portal\/wp-json\/wp\/v2\/tags?post=18263"}],"curies":[{"name":"wp","href":"https:\/\/api.w.org\/{rel}","templated":true}]}}