{"id":18325,"date":"2021-09-10T10:29:01","date_gmt":"2021-09-10T13:29:01","guid":{"rendered":"http:\/\/www.rincondelbulla.cl\/portal\/?p=18325"},"modified":"2021-09-10T10:29:03","modified_gmt":"2021-09-10T13:29:03","slug":"valencia-confirma-llegada-de-contreras-y-no-se-cierra-a-otro-refuerzo","status":"publish","type":"post","link":"http:\/\/www.rincondelbulla.cl\/portal\/2021\/09\/10\/valencia-confirma-llegada-de-contreras-y-no-se-cierra-a-otro-refuerzo\/","title":{"rendered":"Valencia confirma llegada de Contreras y no se cierra a otro refuerzo"},"content":{"rendered":"\n<p>A solo horas de que se termine la ventana de refuerzos, la \u00abU\u00bb ya tiene cerrado a Junior Fernandes, y ahora el propio Esteban Valencia confirm\u00f3 que Anderson Contreras tambi\u00e9n se sumar\u00e1.<\/p>\n<p>\u00abAfortunadamente el club pudo cerrar la llegada de un jugador que tiene un pasado importante. <strong>Nos pone contento porque viene a darle una cuoota de jerarqu\u00eda al plantel, es una alternativa m\u00e1s en ofensiva<\/strong> y no tengas dudas que conociendo sus capacidades nos va a dar una alternativa mas importante. Es un muy buen refuerzo y estamos contentos, esperando que cumpla con todo el tema protocolar y que se pueda sumar a los entrenamientos\u00bb, se\u00f1al\u00f3 sobre Junior.\u00a0<\/p>\n<p>Ante la posibilidad de que lleguen m\u00e1s jugadores, Esteban agreg\u00f3 que \u00abhe sabido que la U lo ha hecho muy internamente, ha trabajado muy silenciosamente en algunas posibilidades de refuerzos. Ya est\u00e1 Junior, <strong>est\u00e1 casi cerrado lo de Anderson Contreras que se va a incorporar en las pr\u00f3ximas semanas<\/strong> y <strong>hay que esperar lo que pase de aqu\u00ed a las 18 horas por si se termina de concretar alguna opci\u00f3n. Lo de Lorenzo est\u00e1 dando vuelta,<\/strong> pero no se ha podido cerrar todav\u00eda. Esperamos tener claridad de aqu\u00ed a la tarde\u00bb.<\/p>\n<p>Justamente sobre el refuerzo venezolano se\u00f1al\u00f3 que \u00abes un chico joven que viene de un tiempo no menor de una lesi\u00f3n importante, pero esperamos que se pueda sumar al club e ir evaluando su condicion, pensando que va a ser una alternativa m\u00e1s en el plantel\u00bb.<\/p>\n<p><div class=\"youtube-embed\" data-video_id=\"mQ5oO4xgRt8\"><iframe loading=\"lazy\" title=\"[EN VIVO] Esteban Valencia habla con la prensa en el CDA.\" width=\"696\" height=\"392\" src=\"https:\/\/www.youtube.com\/embed\/mQ5oO4xgRt8?feature=oembed&#038;enablejsapi=1\" frameborder=\"0\" allow=\"accelerometer; autoplay; clipboard-write; encrypted-media; gyroscope; picture-in-picture\" allowfullscreen><\/iframe><\/div><\/p>\n<p>\u00a0<\/p>\n<p>\u00a0<\/p>\n","protected":false},"excerpt":{"rendered":"<p>A solo horas de que se termine la ventana de refuerzos, la \u00abU\u00bb ya tiene cerrado a Junior Fernandes, y ahora el propio Esteban Valencia confirm\u00f3 que Anderson Contreras tambi\u00e9n se sumar\u00e1. \u00abAfortunadamente el club pudo cerrar la llegada de un jugador que tiene un pasado importante. Nos pone contento porque viene a darle una [&#8230;]<\/p>\n","protected":false},"author":65,"featured_media":18326,"comment_status":"closed","ping_status":"open","sticky":false,"template":"","format":"standard","meta":{"footnotes":""},"categories":[18],"tags":[1794,1463,99,121,235,294],"class_list":{"0":"post-18325","1":"post","2":"type-post","3":"status-publish","4":"format-standard","5":"has-post-thumbnail","7":"category-actualidad","8":"tag-anderson-contreras","9":"tag-esteban-valencia","10":"tag-junior-fernandes","11":"tag-lorenzo-reyes","12":"tag-refuerzos","13":"tag-u-de-chile"},"_links":{"self":[{"href":"http:\/\/www.rincondelbulla.cl\/portal\/wp-json\/wp\/v2\/posts\/18325","targetHints":{"allow":["GET"]}}],"collection":[{"href":"http:\/\/www.rincondelbulla.cl\/portal\/wp-json\/wp\/v2\/posts"}],"about":[{"href":"http:\/\/www.rincondelbulla.cl\/portal\/wp-json\/wp\/v2\/types\/post"}],"author":[{"embeddable":true,"href":"http:\/\/www.rincondelbulla.cl\/portal\/wp-json\/wp\/v2\/users\/65"}],"replies":[{"embeddable":true,"href":"http:\/\/www.rincondelbulla.cl\/portal\/wp-json\/wp\/v2\/comments?post=18325"}],"version-history":[{"count":1,"href":"http:\/\/www.rincondelbulla.cl\/portal\/wp-json\/wp\/v2\/posts\/18325\/revisions"}],"predecessor-version":[{"id":18327,"href":"http:\/\/www.rincondelbulla.cl\/portal\/wp-json\/wp\/v2\/posts\/18325\/revisions\/18327"}],"wp:featuredmedia":[{"embeddable":true,"href":"http:\/\/www.rincondelbulla.cl\/portal\/wp-json\/wp\/v2\/media\/18326"}],"wp:attachment":[{"href":"http:\/\/www.rincondelbulla.cl\/portal\/wp-json\/wp\/v2\/media?parent=18325"}],"wp:term":[{"taxonomy":"category","embeddable":true,"href":"http:\/\/www.rincondelbulla.cl\/portal\/wp-json\/wp\/v2\/categories?post=18325"},{"taxonomy":"post_tag","embeddable":true,"href":"http:\/\/www.rincondelbulla.cl\/portal\/wp-json\/wp\/v2\/tags?post=18325"}],"curies":[{"name":"wp","href":"https:\/\/api.w.org\/{rel}","templated":true}]}}