{"id":18403,"date":"2021-09-24T10:24:52","date_gmt":"2021-09-24T13:24:52","guid":{"rendered":"http:\/\/www.rincondelbulla.cl\/portal\/?p=18403"},"modified":"2021-09-24T10:24:53","modified_gmt":"2021-09-24T13:24:53","slug":"jr-fernandes-puedo-jugar-si-el-entrenador-lo-decide","status":"publish","type":"post","link":"http:\/\/www.rincondelbulla.cl\/portal\/2021\/09\/24\/jr-fernandes-puedo-jugar-si-el-entrenador-lo-decide\/","title":{"rendered":"Jr. Fernandes: \u00abPuedo jugar si el entrenador lo decide\u00bb"},"content":{"rendered":"\n<p>En la previa del Supercl\u00e1sico, Junior Fernandes tuvo su presentaci\u00f3n oficial, donde abord\u00f3 distintos temas, en especial la condici\u00f3n en la que llega de cara a este partido.<\/p>\n<p>\u00abLo del domingo lo decide el entrenador, es \u00e9l quien toma las decisiones, <strong>yo estoy 100% para jugar ese partido, pero no puedo pasar a llevar al entrenador, tenemos un equipo que lleva tiempo jugando junto y esa es la prioridad<\/strong>. Si me toca sumar minutos estar\u00e9 muy feliz y tratar\u00e9 de aportar como siempre lo hecho\u00bb, se\u00f1al\u00f3 el delantero.\u00a0<\/p>\n<p>En ese sentido, apunt\u00f3 que \u00abdigo 100% porque estoy sin lesiones, me siento bien, claro que hay un tiempo de adaptaci\u00f3n que ha sido muy corto, necesito un poco m\u00e1s de tiempo para conocer a mis compa\u00f1eros. <strong>Pero cuando digo 100% es que puedo jugar si el entrenador lo decide\u00bb<\/strong>.<\/p>\n<p><span style=\"color: initial;\">Sobre lo que se vive en los entrenamientos, Junior afirma que es \u00abel ambiante es de cl\u00e1sico, todos queremos ganar el partido, todos estamos ilusionados con obtener los 3 puntos ya que ha pasado bastante tiempo. Pero estamos tambi\u00e9n tranquilos, no estamos ansiosos por esa presi\u00f3n que la gente nos da\u00bb.<\/span><\/p>\n<p>\u00abToda la gente lo tiene claro, los jugadores de la U, los hinchas, saben que es un partido importante que se juega de forma distinta. Son partidos aparte, se juegan a ganar, ya sea bien o mal, son tres puntos los que hay que mantener en casa, eso todos lo saben y no tengo que recordarselo a nadie\u00bb, agreg\u00f3 el delantero.<\/p>\n<p><div class=\"youtube-embed\" data-video_id=\"_PjmaxtmylU\"><iframe loading=\"lazy\" title=\"[EN VIVO] Presentaci\u00f3n de Junior Fernandes en el CDA\" width=\"696\" height=\"392\" src=\"https:\/\/www.youtube.com\/embed\/_PjmaxtmylU?feature=oembed&#038;enablejsapi=1\" frameborder=\"0\" allow=\"accelerometer; autoplay; clipboard-write; encrypted-media; gyroscope; picture-in-picture\" allowfullscreen><\/iframe><\/div><\/p>\n<p>\u00a0<\/p>\n<p>\u00a0<\/p>\n","protected":false},"excerpt":{"rendered":"<p>En la previa del Supercl\u00e1sico, Junior Fernandes tuvo su presentaci\u00f3n oficial, donde abord\u00f3 distintos temas, en especial la condici\u00f3n en la que llega de cara a este partido. \u00abLo del domingo lo decide el entrenador, es \u00e9l quien toma las decisiones, yo estoy 100% para jugar ese partido, pero no puedo pasar a llevar al [&#8230;]<\/p>\n","protected":false},"author":65,"featured_media":18404,"comment_status":"closed","ping_status":"open","sticky":false,"template":"","format":"standard","meta":{"footnotes":""},"categories":[18],"tags":[99,44,294],"class_list":{"0":"post-18403","1":"post","2":"type-post","3":"status-publish","4":"format-standard","5":"has-post-thumbnail","7":"category-actualidad","8":"tag-junior-fernandes","9":"tag-superclasico","10":"tag-u-de-chile"},"_links":{"self":[{"href":"http:\/\/www.rincondelbulla.cl\/portal\/wp-json\/wp\/v2\/posts\/18403","targetHints":{"allow":["GET"]}}],"collection":[{"href":"http:\/\/www.rincondelbulla.cl\/portal\/wp-json\/wp\/v2\/posts"}],"about":[{"href":"http:\/\/www.rincondelbulla.cl\/portal\/wp-json\/wp\/v2\/types\/post"}],"author":[{"embeddable":true,"href":"http:\/\/www.rincondelbulla.cl\/portal\/wp-json\/wp\/v2\/users\/65"}],"replies":[{"embeddable":true,"href":"http:\/\/www.rincondelbulla.cl\/portal\/wp-json\/wp\/v2\/comments?post=18403"}],"version-history":[{"count":1,"href":"http:\/\/www.rincondelbulla.cl\/portal\/wp-json\/wp\/v2\/posts\/18403\/revisions"}],"predecessor-version":[{"id":18405,"href":"http:\/\/www.rincondelbulla.cl\/portal\/wp-json\/wp\/v2\/posts\/18403\/revisions\/18405"}],"wp:featuredmedia":[{"embeddable":true,"href":"http:\/\/www.rincondelbulla.cl\/portal\/wp-json\/wp\/v2\/media\/18404"}],"wp:attachment":[{"href":"http:\/\/www.rincondelbulla.cl\/portal\/wp-json\/wp\/v2\/media?parent=18403"}],"wp:term":[{"taxonomy":"category","embeddable":true,"href":"http:\/\/www.rincondelbulla.cl\/portal\/wp-json\/wp\/v2\/categories?post=18403"},{"taxonomy":"post_tag","embeddable":true,"href":"http:\/\/www.rincondelbulla.cl\/portal\/wp-json\/wp\/v2\/tags?post=18403"}],"curies":[{"name":"wp","href":"https:\/\/api.w.org\/{rel}","templated":true}]}}