{"id":18634,"date":"2021-11-25T13:07:58","date_gmt":"2021-11-25T16:07:58","guid":{"rendered":"http:\/\/www.rincondelbulla.cl\/portal\/?p=18634"},"modified":"2021-11-25T13:07:59","modified_gmt":"2021-11-25T16:07:59","slug":"yonathan-andia-estamos-unidos-y-convencidos-de-que-podemos-ganar-este-partido","status":"publish","type":"post","link":"http:\/\/www.rincondelbulla.cl\/portal\/2021\/11\/25\/yonathan-andia-estamos-unidos-y-convencidos-de-que-podemos-ganar-este-partido\/","title":{"rendered":"Yonathan And\u00eda: \u201cEstamos unidos y convencidos de que podemos ganar este partido\u201d"},"content":{"rendered":"\n<p>Universidad de Chile enfrentar\u00e1 a Cobresal por la pen\u00faltima fecha del Campeonato Nacional y buscar\u00e1 un triunfo para alejarse de parte baja de la tabla.<\/p>\n<p>Yonathan And\u00eda analiz\u00f3 lo que ser\u00e1 el crucial partido frente a los \u201cmineros\u201d y el sentir del plantel en la recta final del torneo.<\/p>\n<p>En primer lugar, And\u00eda enfatiz\u00f3 que el equipo ir\u00e1 <strong>\u201ccon mucho optimismo y fe\u201d<\/strong>, ya que es un partido muy importante para permanecer en la primera divisi\u00f3n. <strong>\u201cEstamos unidos y convencidos de que podemos ganar este partido\u201d <\/strong>dijo el lateral azul.<\/p>\n<p>Respecto a las condiciones geogr\u00e1ficas del Estadio El Cobre, el ex Calera manifest\u00f3: <strong>\u201cLa altura no es una excusa, creo que el partido ser\u00e1 parejo, dif\u00edcil y esperamos traernos los tres puntos\u201d.<\/strong><\/p>\n<p>El lateral derecho de la \u201cU\u201d aclar\u00f3 que el equipo ha mejorado en la parte ofensiva pero que a\u00fan no est\u00e1n finos en la ofensiva. <strong>\u201cEstamos trabajando para hacerle da\u00f1o a Cobresal y ganar el partido\u201d <\/strong>expuso And\u00eda en conferencia de prensa.<\/p>\n<p>El defensor azul tambi\u00e9n tuvo palabras para su momento personal: <strong>\u201cPelear abajo no ha sido f\u00e1cil pero me da m\u00e1s motivaci\u00f3n para superarme todos los d\u00edas\u201d. <\/strong>Asimismo, sostuvo que el club merece permanecer en primera divisi\u00f3n.<\/p>\n<p>Para finalizar, And\u00eda manifest\u00f3 que <strong>\u201clos dirigentes siempre han estado acompa\u00f1\u00e1ndonos en estos momentos dif\u00edciles. Estamos unidos para sacar esta situaci\u00f3n adelante\u201d. <\/strong><\/p>\n","protected":false},"excerpt":{"rendered":"<p>Universidad de Chile enfrentar\u00e1 a Cobresal por la pen\u00faltima fecha del Campeonato Nacional y buscar\u00e1 un triunfo para alejarse de parte baja de la tabla. Yonathan And\u00eda analiz\u00f3 lo que ser\u00e1 el crucial partido frente a los \u201cmineros\u201d y el sentir del plantel en la recta final del torneo. En primer lugar, And\u00eda enfatiz\u00f3 que [&#8230;]<\/p>\n","protected":false},"author":21408,"featured_media":18635,"comment_status":"closed","ping_status":"open","sticky":false,"template":"","format":"standard","meta":{"footnotes":""},"categories":[18],"tags":[1712],"class_list":{"0":"post-18634","1":"post","2":"type-post","3":"status-publish","4":"format-standard","5":"has-post-thumbnail","7":"category-actualidad","8":"tag-yonathan-andia"},"_links":{"self":[{"href":"http:\/\/www.rincondelbulla.cl\/portal\/wp-json\/wp\/v2\/posts\/18634","targetHints":{"allow":["GET"]}}],"collection":[{"href":"http:\/\/www.rincondelbulla.cl\/portal\/wp-json\/wp\/v2\/posts"}],"about":[{"href":"http:\/\/www.rincondelbulla.cl\/portal\/wp-json\/wp\/v2\/types\/post"}],"author":[{"embeddable":true,"href":"http:\/\/www.rincondelbulla.cl\/portal\/wp-json\/wp\/v2\/users\/21408"}],"replies":[{"embeddable":true,"href":"http:\/\/www.rincondelbulla.cl\/portal\/wp-json\/wp\/v2\/comments?post=18634"}],"version-history":[{"count":1,"href":"http:\/\/www.rincondelbulla.cl\/portal\/wp-json\/wp\/v2\/posts\/18634\/revisions"}],"predecessor-version":[{"id":18636,"href":"http:\/\/www.rincondelbulla.cl\/portal\/wp-json\/wp\/v2\/posts\/18634\/revisions\/18636"}],"wp:featuredmedia":[{"embeddable":true,"href":"http:\/\/www.rincondelbulla.cl\/portal\/wp-json\/wp\/v2\/media\/18635"}],"wp:attachment":[{"href":"http:\/\/www.rincondelbulla.cl\/portal\/wp-json\/wp\/v2\/media?parent=18634"}],"wp:term":[{"taxonomy":"category","embeddable":true,"href":"http:\/\/www.rincondelbulla.cl\/portal\/wp-json\/wp\/v2\/categories?post=18634"},{"taxonomy":"post_tag","embeddable":true,"href":"http:\/\/www.rincondelbulla.cl\/portal\/wp-json\/wp\/v2\/tags?post=18634"}],"curies":[{"name":"wp","href":"https:\/\/api.w.org\/{rel}","templated":true}]}}