{"id":18656,"date":"2021-12-06T12:07:00","date_gmt":"2021-12-06T15:07:00","guid":{"rendered":"http:\/\/www.rincondelbulla.cl\/portal\/?p=18656"},"modified":"2021-12-06T12:07:01","modified_gmt":"2021-12-06T15:07:01","slug":"nahuel-lujan-no-seguira-en-la-u-este-2022","status":"publish","type":"post","link":"http:\/\/www.rincondelbulla.cl\/portal\/2021\/12\/06\/nahuel-lujan-no-seguira-en-la-u-este-2022\/","title":{"rendered":"Nahuel Luj\u00e1n no seguir\u00e1 en la \u00abU\u00bb este 2022"},"content":{"rendered":"\n<p>A un d\u00eda de la salvaci\u00f3n, en Azul Azul al parecer no hay tiempo que desperdiciar, y desde hoy comienzan los lineamientos para el 2022.<\/p>\n<p>El primer damnificado que se conoce en esta jornada es Nahuel Luj\u00e1n, a quien se le comunic\u00f3 que pese a tener contrato por dos a\u00f1os m\u00e1s deber\u00e1 salir del club y buscar alguna opci\u00f3n.<\/p>\n<p>El \u00abGato\u00bb tuvo un a\u00f1o completamente irregular, pero ayer fue sin duda una de las figuras del partido de la salvaci\u00f3n.<\/p>\n<p>\u00abMe dieron de baja para el 2022, la verdad es mucho dolor\u00bb, fueron las palabras del Gato tras salir del CDA, quien agreg\u00f3 que \u00abagredecerle a la gente por el aguante que siempre me hizo, la U para mi la voy a llevar siempre en mi coraz\u00f3n, es algo hermoso que me pas\u00f3\u00bb.<\/p>\n<p>\u00a0<\/p>\n","protected":false},"excerpt":{"rendered":"<p>A un d\u00eda de la salvaci\u00f3n, en Azul Azul al parecer no hay tiempo que desperdiciar, y desde hoy comienzan los lineamientos para el 2022. El primer damnificado que se conoce en esta jornada es Nahuel Luj\u00e1n, a quien se le comunic\u00f3 que pese a tener contrato por dos a\u00f1os m\u00e1s deber\u00e1 salir del club [&#8230;]<\/p>\n","protected":false},"author":65,"featured_media":18657,"comment_status":"closed","ping_status":"open","sticky":false,"template":"","format":"standard","meta":{"footnotes":""},"categories":[18],"tags":[1824,1823],"class_list":{"0":"post-18656","1":"post","2":"type-post","3":"status-publish","4":"format-standard","5":"has-post-thumbnail","7":"category-actualidad","8":"tag-1824","9":"tag-nuhuel-lujan"},"_links":{"self":[{"href":"http:\/\/www.rincondelbulla.cl\/portal\/wp-json\/wp\/v2\/posts\/18656","targetHints":{"allow":["GET"]}}],"collection":[{"href":"http:\/\/www.rincondelbulla.cl\/portal\/wp-json\/wp\/v2\/posts"}],"about":[{"href":"http:\/\/www.rincondelbulla.cl\/portal\/wp-json\/wp\/v2\/types\/post"}],"author":[{"embeddable":true,"href":"http:\/\/www.rincondelbulla.cl\/portal\/wp-json\/wp\/v2\/users\/65"}],"replies":[{"embeddable":true,"href":"http:\/\/www.rincondelbulla.cl\/portal\/wp-json\/wp\/v2\/comments?post=18656"}],"version-history":[{"count":1,"href":"http:\/\/www.rincondelbulla.cl\/portal\/wp-json\/wp\/v2\/posts\/18656\/revisions"}],"predecessor-version":[{"id":18658,"href":"http:\/\/www.rincondelbulla.cl\/portal\/wp-json\/wp\/v2\/posts\/18656\/revisions\/18658"}],"wp:featuredmedia":[{"embeddable":true,"href":"http:\/\/www.rincondelbulla.cl\/portal\/wp-json\/wp\/v2\/media\/18657"}],"wp:attachment":[{"href":"http:\/\/www.rincondelbulla.cl\/portal\/wp-json\/wp\/v2\/media?parent=18656"}],"wp:term":[{"taxonomy":"category","embeddable":true,"href":"http:\/\/www.rincondelbulla.cl\/portal\/wp-json\/wp\/v2\/categories?post=18656"},{"taxonomy":"post_tag","embeddable":true,"href":"http:\/\/www.rincondelbulla.cl\/portal\/wp-json\/wp\/v2\/tags?post=18656"}],"curies":[{"name":"wp","href":"https:\/\/api.w.org\/{rel}","templated":true}]}}