{"id":18660,"date":"2021-12-06T15:08:47","date_gmt":"2021-12-06T18:08:47","guid":{"rendered":"http:\/\/www.rincondelbulla.cl\/portal\/?p=18660"},"modified":"2021-12-06T15:52:16","modified_gmt":"2021-12-06T18:52:16","slug":"sigue-el-exodo-de-jugadores-de-la-u","status":"publish","type":"post","link":"http:\/\/www.rincondelbulla.cl\/portal\/2021\/12\/06\/sigue-el-exodo-de-jugadores-de-la-u\/","title":{"rendered":"Sigue el \u00e9xodo de jugadores de la \u00abU\u00bb"},"content":{"rendered":"\n<p>Una jornada de despedidas se vive en el Centro Deportivo Azul. Uno a uno, varios jugadores han pasado por las oficinas donde han sido notificados que no seguir\u00e1n en la Universidad de Chile.<\/p>\n<p>Ya temprano Nahuel Luj\u00e1n daba a conocer que fue informado de que no continuar\u00eda en la \u00abU\u00bb pese a tener contrato vigente por dos a\u00f1os m\u00e1s.<\/p>\n<p>Otro de los que tambi\u00e9n dio a conocer que no contin\u00faa y busca la f\u00f3rmula de desvinculaci\u00f3n es Luis del Pino Mago, quien practicamente no sum\u00f3 minutos en esta temporada.<\/p>\n<p>Otros de los jugadores que tambi\u00e9n se despiden son Gonzalo Espinoza, Augusto Barrios, Mario Sandoval y Diego Carrasco. A ellos le sumamos a Brandon Cort\u00e9s, quien la semana pasada ya viaj\u00f3 a Argentina.<\/p>\n<p>Otro que no seguir\u00eda ser\u00eda Fernando de Paul y Sebasti\u00e1n Galani, quien tampoco renovar\u00eda con la \u00abU\u00bb, siendo uno de los que ayer marc\u00f3 la diferencia en la salvaci\u00f3n.<\/p>\n<p>A la espera se mantiene el caso de Ram\u00f3n Arias y Joaqu\u00edn Larrivey, quienes durante el a\u00f1o han sido sondeados para su renovaci\u00f3n.\u00a0<\/p>\n<p>Finalmente la lista de quienes no contin\u00faan la cierra Osvaldo Gonz\u00e1lez, quien cierra un tremendo ciclo de la mano de la \u00abU\u00bb.\u00a0<\/p>\n<p>\u00a0<\/p>\n","protected":false},"excerpt":{"rendered":"<p>Una jornada de despedidas se vive en el Centro Deportivo Azul. Uno a uno, varios jugadores han pasado por las oficinas donde han sido notificados que no seguir\u00e1n en la Universidad de Chile. Ya temprano Nahuel Luj\u00e1n daba a conocer que fue informado de que no continuar\u00eda en la \u00abU\u00bb pese a tener contrato vigente [&#8230;]<\/p>\n","protected":false},"author":65,"featured_media":18661,"comment_status":"closed","ping_status":"open","sticky":false,"template":"","format":"standard","meta":{"footnotes":""},"categories":[18],"tags":[1825,1827,1826,261,1828,1751,1785,294],"class_list":{"0":"post-18660","1":"post","2":"type-post","3":"status-publish","4":"format-standard","5":"has-post-thumbnail","7":"category-actualidad","8":"tag-agusto-barrios","9":"tag-brandon-cortes-2","10":"tag-diego-carrasco","11":"tag-gonzalo-espinoza","12":"tag-luis-del-pino","13":"tag-nahuel-lujan","14":"tag-sebastian-galani","15":"tag-u-de-chile"},"_links":{"self":[{"href":"http:\/\/www.rincondelbulla.cl\/portal\/wp-json\/wp\/v2\/posts\/18660","targetHints":{"allow":["GET"]}}],"collection":[{"href":"http:\/\/www.rincondelbulla.cl\/portal\/wp-json\/wp\/v2\/posts"}],"about":[{"href":"http:\/\/www.rincondelbulla.cl\/portal\/wp-json\/wp\/v2\/types\/post"}],"author":[{"embeddable":true,"href":"http:\/\/www.rincondelbulla.cl\/portal\/wp-json\/wp\/v2\/users\/65"}],"replies":[{"embeddable":true,"href":"http:\/\/www.rincondelbulla.cl\/portal\/wp-json\/wp\/v2\/comments?post=18660"}],"version-history":[{"count":2,"href":"http:\/\/www.rincondelbulla.cl\/portal\/wp-json\/wp\/v2\/posts\/18660\/revisions"}],"predecessor-version":[{"id":18666,"href":"http:\/\/www.rincondelbulla.cl\/portal\/wp-json\/wp\/v2\/posts\/18660\/revisions\/18666"}],"wp:featuredmedia":[{"embeddable":true,"href":"http:\/\/www.rincondelbulla.cl\/portal\/wp-json\/wp\/v2\/media\/18661"}],"wp:attachment":[{"href":"http:\/\/www.rincondelbulla.cl\/portal\/wp-json\/wp\/v2\/media?parent=18660"}],"wp:term":[{"taxonomy":"category","embeddable":true,"href":"http:\/\/www.rincondelbulla.cl\/portal\/wp-json\/wp\/v2\/categories?post=18660"},{"taxonomy":"post_tag","embeddable":true,"href":"http:\/\/www.rincondelbulla.cl\/portal\/wp-json\/wp\/v2\/tags?post=18660"}],"curies":[{"name":"wp","href":"https:\/\/api.w.org\/{rel}","templated":true}]}}