{"id":18729,"date":"2022-01-04T13:28:38","date_gmt":"2022-01-04T16:28:38","guid":{"rendered":"http:\/\/www.rincondelbulla.cl\/portal\/?p=18729"},"modified":"2022-01-04T13:28:39","modified_gmt":"2022-01-04T16:28:39","slug":"luis-roggiero-descarta-la-llegada-de-marcelo-diaz","status":"publish","type":"post","link":"http:\/\/www.rincondelbulla.cl\/portal\/2022\/01\/04\/luis-roggiero-descarta-la-llegada-de-marcelo-diaz\/","title":{"rendered":"Luis Roggiero descarta la llegada de Marcelo D\u00edaz"},"content":{"rendered":"\n<p>La repatriaci\u00f3n de \u00eddolos o referentes que dan vuelta por el mundo es todo un tema para los hinchas azules. Dentro de eso, uno de los nombres que suena haace unos a\u00f1os es el de Marcelo D\u00edaz.<\/p>\n<p>El Chelo, identificado y tatuado con estos colores, ha expresado en diversas ocasiones su intenci\u00f3n de volver a la \u00abU\u00bb, pero esto no se ha podido concretar.<\/p>\n<p>Y esta temporada la situaci\u00f3n se mantendr\u00eda as\u00ed, ya que esta tarde Luis Roggiero confirm\u00f3 que no ir\u00e1n por Marcelo D\u00edaz.<\/p>\n<p>\u00abNuestra gu\u00eda a la hora de seleccionar jugadores parte de un perfil, para cada posici\u00f3n definir caracteristicas y atributos que consideramos van a permitir entrar en una idea de juego, y <strong>en este caso nosotros como se lo hemos manifestado a su agente, estamos buscando a un jugador con condiciones y caracter\u00edsticas distintas para esa posici\u00f3n\u00bb, <\/strong>sentenci\u00f3.<\/p>\n","protected":false},"excerpt":{"rendered":"<p>La repatriaci\u00f3n de \u00eddolos o referentes que dan vuelta por el mundo es todo un tema para los hinchas azules. Dentro de eso, uno de los nombres que suena haace unos a\u00f1os es el de Marcelo D\u00edaz. El Chelo, identificado y tatuado con estos colores, ha expresado en diversas ocasiones su intenci\u00f3n de volver a [&#8230;]<\/p>\n","protected":false},"author":65,"featured_media":18730,"comment_status":"closed","ping_status":"open","sticky":false,"template":"","format":"standard","meta":{"footnotes":""},"categories":[18],"tags":[1764,58],"class_list":{"0":"post-18729","1":"post","2":"type-post","3":"status-publish","4":"format-standard","5":"has-post-thumbnail","7":"category-actualidad","8":"tag-luis-roggiero","9":"tag-marcelo-diaz"},"_links":{"self":[{"href":"http:\/\/www.rincondelbulla.cl\/portal\/wp-json\/wp\/v2\/posts\/18729","targetHints":{"allow":["GET"]}}],"collection":[{"href":"http:\/\/www.rincondelbulla.cl\/portal\/wp-json\/wp\/v2\/posts"}],"about":[{"href":"http:\/\/www.rincondelbulla.cl\/portal\/wp-json\/wp\/v2\/types\/post"}],"author":[{"embeddable":true,"href":"http:\/\/www.rincondelbulla.cl\/portal\/wp-json\/wp\/v2\/users\/65"}],"replies":[{"embeddable":true,"href":"http:\/\/www.rincondelbulla.cl\/portal\/wp-json\/wp\/v2\/comments?post=18729"}],"version-history":[{"count":1,"href":"http:\/\/www.rincondelbulla.cl\/portal\/wp-json\/wp\/v2\/posts\/18729\/revisions"}],"predecessor-version":[{"id":18731,"href":"http:\/\/www.rincondelbulla.cl\/portal\/wp-json\/wp\/v2\/posts\/18729\/revisions\/18731"}],"wp:featuredmedia":[{"embeddable":true,"href":"http:\/\/www.rincondelbulla.cl\/portal\/wp-json\/wp\/v2\/media\/18730"}],"wp:attachment":[{"href":"http:\/\/www.rincondelbulla.cl\/portal\/wp-json\/wp\/v2\/media?parent=18729"}],"wp:term":[{"taxonomy":"category","embeddable":true,"href":"http:\/\/www.rincondelbulla.cl\/portal\/wp-json\/wp\/v2\/categories?post=18729"},{"taxonomy":"post_tag","embeddable":true,"href":"http:\/\/www.rincondelbulla.cl\/portal\/wp-json\/wp\/v2\/tags?post=18729"}],"curies":[{"name":"wp","href":"https:\/\/api.w.org\/{rel}","templated":true}]}}